{"id":456,"date":"2009-09-25T11:44:42","date_gmt":"2009-09-25T09:44:42","guid":{"rendered":"http:\/\/www.primariarovinari.ro\/?p=456"},"modified":"2010-03-22T18:00:07","modified_gmt":"2010-03-22T16:00:07","slug":"joi-1-octombie-se-va-desfasura-ziua-internationala-a-persoanelor-varstnice","status":"publish","type":"post","link":"https:\/\/primariarovinari.ro\/old\/2009\/09\/joi-1-octombie-se-va-desfasura-ziua-internationala-a-persoanelor-varstnice\/","title":{"rendered":"Joi 1 octombie se va desf\u0103\u015fura &#8222;Ziua interna\u0163ional\u0103 a persoanelor v\u00e2rstnice&#8221;"},"content":{"rendered":"<p style=\"text-align: justify;\"><a href=\"http:\/\/www.primariarovinari.ro\/wp-content\/uploads\/2010\/03\/330.jpg\"><img loading=\"lazy\" decoding=\"async\" class=\"alignleft size-full wp-image-457\" title=\"ziua varsnicilor\" src=\"http:\/\/www.primariarovinari.ro\/wp-content\/uploads\/2010\/03\/330.jpg\" alt=\"\" width=\"275\" height=\"183\" srcset=\"https:\/\/primariarovinari.ro\/old\/wp-content\/uploads\/2010\/03\/330.jpg 800w, https:\/\/primariarovinari.ro\/old\/wp-content\/uploads\/2010\/03\/330-300x199.jpg 300w\" sizes=\"auto, (max-width: 275px) 100vw, 275px\" \/><\/a>Consiliul Local Rovinari, Prim\u0103ria ora\u015fului Rovinari, Casa de Cultur\u0103 \u015fi Biblioteca Rovinari organizeaz\u0103 o manifestarea cultural\u0103 joi 1 octombrie cu ocazia &#8222;Zilei interna\u0163ionale a persoanelor v\u00e2rstnice&#8221;.<br \/>\nProgramul manifest\u0103rii va fi urm\u0103torul:<br \/>\n-program artistic de muzic\u0103 popular\u0103<br \/>\n-mas\u0103 festiv\u0103<br \/>\n-concurs de dans cu premii<br \/>\n-festivitate de premiere pentru cel mai bun \u015fahist, cel mai bun juc\u0103tor de table, rummy, cel mai v\u00e2rstnic cet\u0103\u0163ean, cel mai longeviv cuplu.<br \/>\nActivit\u0103\u0163ile din cadrul manifest\u0103rii vor avea loc la un restaurant dinl Rovinari \u00eencep\u00e2nd cu orele 13.00. Vor fi invitate s\u0103 participe la aceast\u0103 manifestare doar persoanele cu v\u00e2rsta de minim 60 de ani, cu domiciliul \u00een ora\u015ful Rovinari. Invita\u0163iile vor putea fi ridicate de la secretariatul Prim\u0103riei Rovinari, \u00een baza c\u0103r\u0163ii de identitate \u00een perioada 29-30 septembrie 2009. Invita\u0163ia este valabil\u0103 pentru o singur\u0103 persoan\u0103.<\/p>\n","protected":false},"excerpt":{"rendered":"<p>Consiliul Local Rovinari, Prim\u0103ria ora\u015fului Rovinari, Casa de Cultur\u0103 \u015fi Biblioteca Rovinari organizeaz\u0103 o manifestarea cultural\u0103 joi 1 octombrie cu ocazia &#8222;Zilei interna\u0163ionale a persoanelor v\u00e2rstnice&#8221;. Programul manifest\u0103rii va fi urm\u0103torul: -program artistic de muzic\u0103 popular\u0103 -mas\u0103 festiv\u0103 -concurs de dans cu premii -festivitate de premiere pentru cel mai bun \u015fahist, cel mai bun juc\u0103tor [&hellip;]<\/p>\n","protected":false},"author":1001008,"featured_media":0,"comment_status":"open","ping_status":"open","sticky":false,"template":"","format":"standard","meta":{"ngg_post_thumbnail":0,"footnotes":""},"categories":[9],"tags":[65,64],"class_list":["post-456","post","type-post","status-publish","format-standard","hentry","category-anunturi","tag-batrani","tag-varstnici"],"_links":{"self":[{"href":"https:\/\/primariarovinari.ro\/old\/wp-json\/wp\/v2\/posts\/456","targetHints":{"allow":["GET"]}}],"collection":[{"href":"https:\/\/primariarovinari.ro\/old\/wp-json\/wp\/v2\/posts"}],"about":[{"href":"https:\/\/primariarovinari.ro\/old\/wp-json\/wp\/v2\/types\/post"}],"author":[{"embeddable":true,"href":"https:\/\/primariarovinari.ro\/old\/wp-json\/wp\/v2\/users\/1001008"}],"replies":[{"embeddable":true,"href":"https:\/\/primariarovinari.ro\/old\/wp-json\/wp\/v2\/comments?post=456"}],"version-history":[{"count":0,"href":"https:\/\/primariarovinari.ro\/old\/wp-json\/wp\/v2\/posts\/456\/revisions"}],"wp:attachment":[{"href":"https:\/\/primariarovinari.ro\/old\/wp-json\/wp\/v2\/media?parent=456"}],"wp:term":[{"taxonomy":"category","embeddable":true,"href":"https:\/\/primariarovinari.ro\/old\/wp-json\/wp\/v2\/categories?post=456"},{"taxonomy":"post_tag","embeddable":true,"href":"https:\/\/primariarovinari.ro\/old\/wp-json\/wp\/v2\/tags?post=456"}],"curies":[{"name":"wp","href":"https:\/\/api.w.org\/{rel}","templated":true}]}}