{"id":4555,"date":"2012-04-11T14:45:00","date_gmt":"2012-04-11T12:45:00","guid":{"rendered":"http:\/\/www.primariarovinari.ro\/?p=4555"},"modified":"2012-04-13T07:20:21","modified_gmt":"2012-04-13T05:20:21","slug":"ora%c8%99ul-florilor","status":"publish","type":"post","link":"https:\/\/primariarovinari.ro\/old\/2012\/04\/ora%c8%99ul-florilor\/","title":{"rendered":"&#8222;Ora\u0219ul florilor&#8221;"},"content":{"rendered":"<p style=\"text-align: justify;\"><a href=\"http:\/\/www.primariarovinari.ro\/wp-content\/uploads\/2012\/04\/IMG_1890.jpg\"><img loading=\"lazy\" decoding=\"async\" class=\"alignright size-medium wp-image-4557\" style=\"margin-top: 5px; margin-bottom: 5px;\" title=\"IMG_1890\" src=\"http:\/\/www.primariarovinari.ro\/wp-content\/uploads\/2012\/04\/IMG_1890-300x200.jpg\" alt=\"\" width=\"300\" height=\"200\" srcset=\"https:\/\/primariarovinari.ro\/old\/wp-content\/uploads\/2012\/04\/IMG_1890-300x200.jpg 300w, https:\/\/primariarovinari.ro\/old\/wp-content\/uploads\/2012\/04\/IMG_1890.jpg 1024w\" sizes=\"auto, (max-width: 300px) 100vw, 300px\" \/><\/a>\u00cen aceste s\u0103pt\u0103m\u00e2ni, una dintre principalele preocup\u0103ri ale primarului ora\u015fului Rovinari, Filip Dorin, a reprezentat-o finalizarea cu succes a activit\u0103\u0163ilor de \u00eenfrumuse\u0163are \u015fi \u00eentre\u0163inere a ora\u015fului, care au \u00eenceput cu scurt timp \u00een urm\u0103.Edilul a urm\u0103rit \u00eendeaproape \u00a0desf\u0103\u015furarea acestor ac\u021biuni, pentru a se asigura c\u0103 cet\u0103\u021benii \u00a0vor avea un ora\u0219 frumos \u0219i \u201e\u00eenflorit\u201d de Pa\u0219te.<\/p>\n<div style=\"text-align: justify;\">Astfel, pentru \u00eenfrumuse\u021barea ora\u0219ului au fost realizate urm\u0103toarele: au fost plantate flori \u00een tot ora\u0219ul &#8211; \u00een parc, \u00een sensurile giratorii, pe Bulevard; au fost planta\u021bi 220 arbu\u0219ti ornamentali tuia; dup\u0103 ce au fost reparate \u0219i revopsite, \u00een jardinierele stradale au fost, de asemenea, plantate flori.<\/div>\n<p style=\"text-align: justify;\"><!--more-->Pentru \u00eentre\u021binerea ora\u0219ului s-a tuns gardul viu de pe toat\u0103 suprafa\u021ba acestuia; s-au reparat \u0219i revopsit b\u0103ncu\u021bele stradale; s-au revopsit bordurile stradale \u015fi marcajele longitudinale \u015fi transversale; s-au reparat \u0219i revopsit f\u00e2nt\u00e2nile arteziene; s-au reparat \u0219i revopsit jardinierele stradale; s-a realizat t\u0103iere de corec\u021bie la trandafiri; s-au toaletat copacii.<\/p>\n<p style=\"text-align: justify;\">De asemenea, sunt dou\u0103 proiecte care au fost terminate \u00een aceast\u0103 perioad\u0103 \u0219i anume: finalizarea a dou\u0103 parc\u0103ri de re\u0219edin\u021b\u0103 din spatele blocurilor S5 \u0219i S6, precum \u0219i extinderea re\u021belei de iluminat public pe Strada Sporturilor, \u00een spatele blocurilor G \u0219i P.<\/p>\n<p style=\"text-align: justify;\">Toate parcurile din ora\u0219 &#8211; 14 la num\u0103r &#8211; vor fi reabilitate p\u00e2n\u0103 la data de 1 iunie, \u00een acest moment exist\u00e2nd \u00een fiecare dintre ele c\u00e2te o machet\u0103, unde este ilustrat\u0103 viitoarea imagine a parcului.<\/p>\n<p style=\"text-align: justify;\"><span style=\"text-align: justify;\">ngg_shortcode_0_placeholder<\/span><\/p>\n","protected":false},"excerpt":{"rendered":"<p>\u00cen aceste s\u0103pt\u0103m\u00e2ni, una dintre principalele preocup\u0103ri ale primarului ora\u015fului Rovinari, Filip Dorin, a reprezentat-o finalizarea cu succes a activit\u0103\u0163ilor de \u00eenfrumuse\u0163are \u015fi \u00eentre\u0163inere a ora\u015fului, care au \u00eenceput cu scurt timp \u00een urm\u0103.Edilul a urm\u0103rit \u00eendeaproape \u00a0desf\u0103\u015furarea acestor ac\u021biuni, pentru a se asigura c\u0103 cet\u0103\u021benii \u00a0vor avea un ora\u0219 frumos \u0219i \u201e\u00eenflorit\u201d de Pa\u0219te. [&hellip;]<\/p>\n","protected":false},"author":1001008,"featured_media":0,"comment_status":"open","ping_status":"open","sticky":false,"template":"","format":"standard","meta":{"ngg_post_thumbnail":0,"footnotes":""},"categories":[4],"tags":[416],"class_list":["post-4555","post","type-post","status-publish","format-standard","hentry","category-informatii-locale","tag-orasul-florilor"],"_links":{"self":[{"href":"https:\/\/primariarovinari.ro\/old\/wp-json\/wp\/v2\/posts\/4555","targetHints":{"allow":["GET"]}}],"collection":[{"href":"https:\/\/primariarovinari.ro\/old\/wp-json\/wp\/v2\/posts"}],"about":[{"href":"https:\/\/primariarovinari.ro\/old\/wp-json\/wp\/v2\/types\/post"}],"author":[{"embeddable":true,"href":"https:\/\/primariarovinari.ro\/old\/wp-json\/wp\/v2\/users\/1001008"}],"replies":[{"embeddable":true,"href":"https:\/\/primariarovinari.ro\/old\/wp-json\/wp\/v2\/comments?post=4555"}],"version-history":[{"count":0,"href":"https:\/\/primariarovinari.ro\/old\/wp-json\/wp\/v2\/posts\/4555\/revisions"}],"wp:attachment":[{"href":"https:\/\/primariarovinari.ro\/old\/wp-json\/wp\/v2\/media?parent=4555"}],"wp:term":[{"taxonomy":"category","embeddable":true,"href":"https:\/\/primariarovinari.ro\/old\/wp-json\/wp\/v2\/categories?post=4555"},{"taxonomy":"post_tag","embeddable":true,"href":"https:\/\/primariarovinari.ro\/old\/wp-json\/wp\/v2\/tags?post=4555"}],"curies":[{"name":"wp","href":"https:\/\/api.w.org\/{rel}","templated":true}]}}