{"id":446,"date":"2009-09-17T11:28:52","date_gmt":"2009-09-17T09:28:52","guid":{"rendered":"http:\/\/www.primariarovinari.ro\/?p=446"},"modified":"2010-03-22T17:57:31","modified_gmt":"2010-03-22T15:57:31","slug":"svsu-rovinari-a-participat-la-ziua-pompierilor-gorjeni-aniversata-la-tirgu-jiu","status":"publish","type":"post","link":"https:\/\/primariarovinari.ro\/old\/2009\/09\/svsu-rovinari-a-participat-la-ziua-pompierilor-gorjeni-aniversata-la-tirgu-jiu\/","title":{"rendered":"SVSU Rovinari a participat la Ziua Pompierilor Gorjeni aniversat\u0103 la T\u00eergu &#8211; Jiu"},"content":{"rendered":"<p style=\"text-align: justify;\"><a href=\"http:\/\/www.primariarovinari.ro\/wp-content\/uploads\/2010\/03\/22.jpg\"><img loading=\"lazy\" decoding=\"async\" class=\"alignleft size-full wp-image-447\" title=\"2\" src=\"http:\/\/www.primariarovinari.ro\/wp-content\/uploads\/2010\/03\/22.jpg\" alt=\"\" width=\"275\" height=\"207\" srcset=\"https:\/\/primariarovinari.ro\/old\/wp-content\/uploads\/2010\/03\/22.jpg 800w, https:\/\/primariarovinari.ro\/old\/wp-content\/uploads\/2010\/03\/22-300x225.jpg 300w\" sizes=\"auto, (max-width: 275px) 100vw, 275px\" \/><\/a>Peste 100 de pompieri militari gorjeni, printre  care \u015fi pompierii de la SVSU Rovinari au participat duminic\u0103 13  septembrie la manifest\u0103rile prilejuite cu ocazia Zilei Pompierului  desf\u0103\u015furate laT\u00eergu &#8211; Jiu. Ceremonia aniversar\u0103 a avut loc \u00een Pia\u0163a  Prefecturii din Tg -Jiu \u015fi a debutat cu un scurt ceremonial religios \u015fi  depuneri de coroane la monumentul eroului post-mortem Dumitru Petrescu. \u00cen acest fel s-a marcat \u00eemplinirea celor 161  de ani de la &#8222;B\u0103t\u0103lia din Dealul Spirii&#8221;. Mai trebuie men\u0163ionat c\u0103  Prefectul Ion Florescu, pre\u015fedintele Consiliului Jude\u0163ean Ion C\u0103linoiu,  precum \u015fi Primarul municipiului Tg-Jiu Florin C\u00e2rciumaru i-a felicitat  \u015fi le-a mul\u0163umit pentru activitatea pe care o depun at\u00e2t pompierii  militari c\u00e2t \u015fi cei voluntari.<\/p>\n","protected":false},"excerpt":{"rendered":"<p>Peste 100 de pompieri militari gorjeni, printre care \u015fi pompierii de la SVSU Rovinari au participat duminic\u0103 13 septembrie la manifest\u0103rile prilejuite cu ocazia Zilei Pompierului desf\u0103\u015furate laT\u00eergu &#8211; Jiu. Ceremonia aniversar\u0103 a avut loc \u00een Pia\u0163a Prefecturii din Tg -Jiu \u015fi a debutat cu un scurt ceremonial religios \u015fi depuneri de coroane la monumentul [&hellip;]<\/p>\n","protected":false},"author":1001008,"featured_media":0,"comment_status":"open","ping_status":"open","sticky":false,"template":"","format":"standard","meta":{"ngg_post_thumbnail":0,"footnotes":""},"categories":[4],"tags":[60,61],"class_list":["post-446","post","type-post","status-publish","format-standard","hentry","category-informatii-locale","tag-svsu","tag-ziua-pompierilor"],"_links":{"self":[{"href":"https:\/\/primariarovinari.ro\/old\/wp-json\/wp\/v2\/posts\/446","targetHints":{"allow":["GET"]}}],"collection":[{"href":"https:\/\/primariarovinari.ro\/old\/wp-json\/wp\/v2\/posts"}],"about":[{"href":"https:\/\/primariarovinari.ro\/old\/wp-json\/wp\/v2\/types\/post"}],"author":[{"embeddable":true,"href":"https:\/\/primariarovinari.ro\/old\/wp-json\/wp\/v2\/users\/1001008"}],"replies":[{"embeddable":true,"href":"https:\/\/primariarovinari.ro\/old\/wp-json\/wp\/v2\/comments?post=446"}],"version-history":[{"count":0,"href":"https:\/\/primariarovinari.ro\/old\/wp-json\/wp\/v2\/posts\/446\/revisions"}],"wp:attachment":[{"href":"https:\/\/primariarovinari.ro\/old\/wp-json\/wp\/v2\/media?parent=446"}],"wp:term":[{"taxonomy":"category","embeddable":true,"href":"https:\/\/primariarovinari.ro\/old\/wp-json\/wp\/v2\/categories?post=446"},{"taxonomy":"post_tag","embeddable":true,"href":"https:\/\/primariarovinari.ro\/old\/wp-json\/wp\/v2\/tags?post=446"}],"curies":[{"name":"wp","href":"https:\/\/api.w.org\/{rel}","templated":true}]}}