{"id":4453,"date":"2012-04-06T09:41:34","date_gmt":"2012-04-06T07:41:34","guid":{"rendered":"http:\/\/www.primariarovinari.ro\/?p=4453"},"modified":"2012-04-09T09:06:47","modified_gmt":"2012-04-09T07:06:47","slug":"%e2%80%9escoala-altfel%e2%80%9d-si-la-rovinari","status":"publish","type":"post","link":"https:\/\/primariarovinari.ro\/old\/2012\/04\/%e2%80%9escoala-altfel%e2%80%9d-si-la-rovinari\/","title":{"rendered":"\u201e\u015ecoala altfel\u201d \u015fi la Rovinari"},"content":{"rendered":"<p style=\"text-align: justify;\"><a href=\"http:\/\/www.youtube.com\/watch?v=_fq13KB844o&amp;hd=1\" target=\"_blank\"><img loading=\"lazy\" decoding=\"async\" class=\"alignright size-medium wp-image-4455\" style=\"margin-top: 1px; margin-bottom: 1px;\" title=\"scoala altfel rovinari (36)\" src=\"http:\/\/www.primariarovinari.ro\/wp-content\/uploads\/2012\/04\/scoala-altfel-rovinari-36-300x200.jpg\" alt=\"\" width=\"300\" height=\"200\" srcset=\"https:\/\/primariarovinari.ro\/old\/wp-content\/uploads\/2012\/04\/scoala-altfel-rovinari-36-300x200.jpg 300w, https:\/\/primariarovinari.ro\/old\/wp-content\/uploads\/2012\/04\/scoala-altfel-rovinari-36.jpg 1024w\" sizes=\"auto, (max-width: 300px) 100vw, 300px\" \/><\/a>\u00cen cadrul programului \u201e\u015ecoala altfel\u201d, la Rovinari au fost desf\u0103\u015furate o serie de activit\u0103\u0163i, cu scopul \u00eembog\u0103\u0163irii cuno\u015ftin\u0163elor elevilor, implic\u0103rii acestora \u00een activit\u0103\u0163i care au ca \u015fi scop \u00eenv\u0103\u0163area anumitor lucruri \u00eentr-un mod practic, precum \u015fi responsabiliz\u0103rii acestora.<\/p>\n<p style=\"text-align: justify;\">Una dintre activit\u0103\u0163ile desf\u0103\u015furate de profesorii \u015fi elevii Colegiului \u201eGheorghe T\u0103t\u0103rescu\u201d a fost o vizit\u0103 tematic\u0103 la <a href=\"http:\/\/www.youtube.com\/watch?v=IG7YcvtjaJI&amp;hd=1\" target=\"_blank\">Sta\u0163ia de Ap\u0103 Rovinari<\/a>.\u00a0Scopul vizitei l-a reprezentat informarea elevilor privind procesele fizice \u015fi chimice care au loc \u00eenainte ca apa s\u0103 fie distribuit\u0103 la consumatori.<\/p>\n<p style=\"text-align: justify;\">Coordonarea acestei activit\u0103\u0163i a fost realizat\u0103 de c\u0103tre profesorii din catedra de fizic\u0103 &#8211; chimie \u2013 biologie: Popescu Paulina, Ghi\u0163\u0103 Elena, \u0162\u00eerc\u0103 Mihaela, Pusdrea Mariana, Peptan Daniela, Stamatoiu Oana, Aramba\u015fa Adela, Iliescu \u015etefania, Andri\u0163oiu Nicoleta, Sp\u00e2nu Maria. Din echipa coordonatoare au mai f\u0103cut parte Doamna Laborant Chiru Adina, Doamna Profesor Frunz\u0103 Marga \u015fi Doamna Profesor Ro\u015fca Valeria.<\/p>\n<div style=\"text-align: justify;\">\n<p><!--more-->\u00cen ceea ce prive\u015fte copiii de la Gr\u0103dini\u0163ele din ora\u015f, ace\u015ftia au vizitat miercuri, 4 Aprilie, sediului Prim\u0103riei Rovinari, Sala de \u015eedin\u0163e a Consiliului Local, precum \u015fi \u00a0Cabinetul Primarului \u015fi al Viceprimarului, fiind primi\u0163i de c\u0103tre func\u0163ionarii publici cu foarte mare entuziasm \u015fi drag. \u00cen data de 5 Aprilie, au vizitat Catedrala din Rovinari, iar apoi muzeul Curti\u015foara.<\/p>\n<p>Dup\u0103 o s\u0103pt\u0103m\u00e2na \u00een care at\u00e2t elevii c\u00e2t \u015fi cadrele didactice s-au implicat \u00een activit\u0103\u0163ile de \u00eenfrumuse\u0163are \u015fi salubrizare ale ora\u015fului, concretizate prin plantarea de pomi, cur\u0103\u0163enie, precum \u015fi altele, Primarul Ora\u015fului Rovinari, Filip Dorin, dore\u015fte, pe aceast\u0103 cale, s\u0103-\u015fi exprime recuno\u015ftin\u0163a fa\u0163\u0103 de ace\u015ftia \u015fi s\u0103 le mul\u0163umeasc\u0103 tuturor !<\/p>\n<\/div>\n<div style=\"text-align: justify;\">ngg_shortcode_0_placeholder<\/div>\n","protected":false},"excerpt":{"rendered":"<p>\u00cen cadrul programului \u201e\u015ecoala altfel\u201d, la Rovinari au fost desf\u0103\u015furate o serie de activit\u0103\u0163i, cu scopul \u00eembog\u0103\u0163irii cuno\u015ftin\u0163elor elevilor, implic\u0103rii acestora \u00een activit\u0103\u0163i care au ca \u015fi scop \u00eenv\u0103\u0163area anumitor lucruri \u00eentr-un mod practic, precum \u015fi responsabiliz\u0103rii acestora. Una dintre activit\u0103\u0163ile desf\u0103\u015furate de profesorii \u015fi elevii Colegiului \u201eGheorghe T\u0103t\u0103rescu\u201d a fost o vizit\u0103 tematic\u0103 la [&hellip;]<\/p>\n","protected":false},"author":1001008,"featured_media":0,"comment_status":"open","ping_status":"open","sticky":false,"template":"","format":"standard","meta":{"ngg_post_thumbnail":0,"footnotes":""},"categories":[13],"tags":[412],"class_list":["post-4453","post","type-post","status-publish","format-standard","hentry","category-invatamant","tag-scoala-altfel"],"_links":{"self":[{"href":"https:\/\/primariarovinari.ro\/old\/wp-json\/wp\/v2\/posts\/4453","targetHints":{"allow":["GET"]}}],"collection":[{"href":"https:\/\/primariarovinari.ro\/old\/wp-json\/wp\/v2\/posts"}],"about":[{"href":"https:\/\/primariarovinari.ro\/old\/wp-json\/wp\/v2\/types\/post"}],"author":[{"embeddable":true,"href":"https:\/\/primariarovinari.ro\/old\/wp-json\/wp\/v2\/users\/1001008"}],"replies":[{"embeddable":true,"href":"https:\/\/primariarovinari.ro\/old\/wp-json\/wp\/v2\/comments?post=4453"}],"version-history":[{"count":0,"href":"https:\/\/primariarovinari.ro\/old\/wp-json\/wp\/v2\/posts\/4453\/revisions"}],"wp:attachment":[{"href":"https:\/\/primariarovinari.ro\/old\/wp-json\/wp\/v2\/media?parent=4453"}],"wp:term":[{"taxonomy":"category","embeddable":true,"href":"https:\/\/primariarovinari.ro\/old\/wp-json\/wp\/v2\/categories?post=4453"},{"taxonomy":"post_tag","embeddable":true,"href":"https:\/\/primariarovinari.ro\/old\/wp-json\/wp\/v2\/tags?post=4453"}],"curies":[{"name":"wp","href":"https:\/\/api.w.org\/{rel}","templated":true}]}}