{"id":4436,"date":"2012-03-30T09:08:19","date_gmt":"2012-03-30T07:08:19","guid":{"rendered":"http:\/\/www.primariarovinari.ro\/?p=4436"},"modified":"2012-04-06T11:21:11","modified_gmt":"2012-04-06T09:21:11","slug":"copiii-fac-curat-la-rovinari","status":"publish","type":"post","link":"https:\/\/primariarovinari.ro\/old\/2012\/03\/copiii-fac-curat-la-rovinari\/","title":{"rendered":"Mar\u015ful copiilor pentru un ora\u015f curat"},"content":{"rendered":"<div id=\"_mcePaste\" style=\"text-align: justify;\"><a href=\"http:\/\/www.primariarovinari.ro\/wp-content\/uploads\/2012\/03\/DSC00115.jpg\"><img loading=\"lazy\" decoding=\"async\" class=\"alignright size-medium wp-image-4437\" style=\"margin-top: 3px; margin-bottom: 3px;\" title=\"DSC00115\" src=\"http:\/\/www.primariarovinari.ro\/wp-content\/uploads\/2012\/03\/DSC00115-300x168.jpg\" alt=\"\" width=\"300\" height=\"168\" srcset=\"https:\/\/primariarovinari.ro\/old\/wp-content\/uploads\/2012\/03\/DSC00115-300x168.jpg 300w, https:\/\/primariarovinari.ro\/old\/wp-content\/uploads\/2012\/03\/DSC00115.jpg 1024w\" sizes=\"auto, (max-width: 300px) 100vw, 300px\" \/><\/a><\/p>\n<div id=\"_mcePaste\" style=\"text-align: justify;\">Luni, 2 Aprilie, \u00een orasul Rovinari va avea loc o ac\u0163iune de salubrizare \u015fi plantare de pomi, aceasta fiind \u00eens\u0103 diferita de toate celelalte, \u00eentruc\u00e2t \u00eei are ca \u015fi participan\u0163i pe copiii care fac parte din grupa preg\u0103titoare \u015fi grupa mare de la toate Gr\u0103dini\u0163ele din ora\u015f \u2013 Gradini\u0163a cu Program Prelungit, Gradini\u0163a Num\u0103rul 1, Gradini\u0163a Num\u0103rul 3, Gradini\u0163a Num\u0103rul 4, pe elevii \u015ecolii Generale Num\u0103rul 1, \u00a0\u015ecolii Generale Num\u0103rul 3, precum \u015fi pe elevii Colegiului \u201eGheorghe Tat\u0103rescu\u201d. Vor fi prezen\u0163i \u015fi angaja\u0163ii Prim\u0103riei din cadrul Societ\u0103\u0163iii \u201e Ap\u0103, Canal, Salubritate\u201d.<\/p>\n<p>La aceast\u0103 ac\u0163iune va participa \u015fi Primarul ora\u015fului Rovinari, Filip Dorin, ac\u0163iune care se poate intitula \u00a0\u201eMar\u015ful celor mici, al copiilor, pentru un ora\u015f curat!\u201d . Vor fi planta\u0163i 500 puie\u0163i \u015fi se va \u00eencerca a se aduna o cantitate c\u00e2t mai mare de de\u015feuri de pe suprafa\u0163a ora\u015fului.<\/p>\n<p><!--more-->To\u0163i copiii vor primi saci \u015fi m\u0103nu\u015fi pentru de\u015feuri \u015fi fiec\u0103rei grupe \u00eei va fi atribuit\u0103 c\u00e2te o zon\u0103, astfel \u00eenc\u00e2t s\u0103 fie acoperit \u00eentregul ora\u015f. Va fi un adev\u0103rat mar\u015f, care va avea drept scop sensibilizarea, mobilizarea \u015fi con\u015ftientizarea celor mici c\u0103 trebuie s\u0103 men\u0163in\u0103 cur\u0103\u0163enia \u00een ora\u015f \u015fi nu numai, s\u0103 fie civiliza\u0163i, s\u0103 iubeasc\u0103 natura \u015fi s\u0103-\u015fi respecte semenii.<\/p>\n<p>Prin aceasta, elevii sunt un model de urmat pentru to\u0163i ceilal\u0163i locuitori ai ora\u015fului \u015fi, \u00een acela\u015fi timp, \u00eencearc\u0103 s\u0103-i \u00eendemne pe ace\u015ftia s\u0103 le urmeze exemplul, s\u0103 fie iubitori \u015fi ocrotitori ai naturii, ai cura\u0163eniei, ai frumosului, \u00eentru-un cuv\u00e2nt: ai ora\u015fului Rovinari!\u00a0To\u0163i cei care doresc s\u0103 participe sunt invita\u0163i luni, 2 aprilie, ora 9.00, \u00een fa\u0163a Prim\u0103riei Ora\u015fului Rovinari.<\/p>\n<div id=\"_mcePaste\" style=\"text-align: justify;\">Ini\u0163iativa apar\u0163ine Prim\u0103riei \u015fi Consiliului Local Rovinari, precum \u015fi Doamnei Director al Colegiului \u201eGheorghe Tat\u0103rescu\u201d \u2013 Popescu Violeta, Doamnei Director al \u015ecolii Generale \u00a0Num\u0103rul 3 \u2013 Pop Paraschiva, precum \u015fi Domnului Director al \u015ecolii Generale Num\u0103rul 1 \u2013 Curcanu Grigore.<\/div>\n<\/div>\n<\/div>\n<p style=\"text-align: justify;\">\n","protected":false},"excerpt":{"rendered":"<p>Luni, 2 Aprilie, \u00een orasul Rovinari va avea loc o ac\u0163iune de salubrizare \u015fi plantare de pomi, aceasta fiind \u00eens\u0103 diferita de toate celelalte, \u00eentruc\u00e2t \u00eei are ca \u015fi participan\u0163i pe copiii care fac parte din grupa preg\u0103titoare \u015fi grupa mare de la toate Gr\u0103dini\u0163ele din ora\u015f \u2013 Gradini\u0163a cu Program Prelungit, Gradini\u0163a Num\u0103rul 1, [&hellip;]<\/p>\n","protected":false},"author":1001008,"featured_media":0,"comment_status":"open","ping_status":"open","sticky":false,"template":"","format":"standard","meta":{"ngg_post_thumbnail":0,"footnotes":""},"categories":[3],"tags":[411],"class_list":["post-4436","post","type-post","status-publish","format-standard","hentry","category-comunicate-de-presa","tag-actiune-salubrizare-copii"],"_links":{"self":[{"href":"https:\/\/primariarovinari.ro\/old\/wp-json\/wp\/v2\/posts\/4436","targetHints":{"allow":["GET"]}}],"collection":[{"href":"https:\/\/primariarovinari.ro\/old\/wp-json\/wp\/v2\/posts"}],"about":[{"href":"https:\/\/primariarovinari.ro\/old\/wp-json\/wp\/v2\/types\/post"}],"author":[{"embeddable":true,"href":"https:\/\/primariarovinari.ro\/old\/wp-json\/wp\/v2\/users\/1001008"}],"replies":[{"embeddable":true,"href":"https:\/\/primariarovinari.ro\/old\/wp-json\/wp\/v2\/comments?post=4436"}],"version-history":[{"count":0,"href":"https:\/\/primariarovinari.ro\/old\/wp-json\/wp\/v2\/posts\/4436\/revisions"}],"wp:attachment":[{"href":"https:\/\/primariarovinari.ro\/old\/wp-json\/wp\/v2\/media?parent=4436"}],"wp:term":[{"taxonomy":"category","embeddable":true,"href":"https:\/\/primariarovinari.ro\/old\/wp-json\/wp\/v2\/categories?post=4436"},{"taxonomy":"post_tag","embeddable":true,"href":"https:\/\/primariarovinari.ro\/old\/wp-json\/wp\/v2\/tags?post=4436"}],"curies":[{"name":"wp","href":"https:\/\/api.w.org\/{rel}","templated":true}]}}