{"id":4420,"date":"2012-03-26T12:36:32","date_gmt":"2012-03-26T10:36:32","guid":{"rendered":"http:\/\/www.primariarovinari.ro\/?p=4420"},"modified":"2012-04-10T09:29:05","modified_gmt":"2012-04-10T07:29:05","slug":"4420","status":"publish","type":"post","link":"https:\/\/primariarovinari.ro\/old\/2012\/03\/4420\/","title":{"rendered":"A \u00eenceput \u00eenfrumuse\u0163area de prim\u0103var\u0103 \u00een Rovinari"},"content":{"rendered":"<p style=\"text-align: justify;\">\n<p style=\"text-align: justify;\"><a href=\"http:\/\/www.primariarovinari.ro\/wp-content\/uploads\/2012\/03\/IMG_1329.jpg\"><img loading=\"lazy\" decoding=\"async\" class=\"alignright size-medium wp-image-4434\" style=\"margin-top: 5px; margin-bottom: 5px;\" title=\"IMG_1329\" src=\"http:\/\/www.primariarovinari.ro\/wp-content\/uploads\/2012\/03\/IMG_1329-300x200.jpg\" alt=\"\" width=\"300\" height=\"200\" srcset=\"https:\/\/primariarovinari.ro\/old\/wp-content\/uploads\/2012\/03\/IMG_1329-300x200.jpg 300w, https:\/\/primariarovinari.ro\/old\/wp-content\/uploads\/2012\/03\/IMG_1329.jpg 1024w\" sizes=\"auto, (max-width: 300px) 100vw, 300px\" \/><\/a><\/p>\n<p style=\"text-align: justify;\">Activit\u0103\u0163ile de \u00eentre\u0163inere \u015fi \u00eenfrumuse\u0163are a ora\u015fului au \u00eenceput la Rovinari.\u00a0\u00cen aceast\u0103 prim\u0103var\u0103, primarul Filip Dorin \u015fi-a dorit s\u0103 schimbe aspectul ora\u015fului prin implementarea a o serie de planuri \u015fi proiecte foarte bine concepute \u015fi analizate.<\/p>\n<p style=\"text-align: justify;\">Astfel, vor fi realizate urm\u0103toarele:<\/p>\n<ul>\n<li>Tuns gard viu;<\/li>\n<li>Montare limitatoare de vitez\u0103;<\/li>\n<li>Reparat \u015fi revopsit b\u0103ncu\u0163e stradale;<\/li>\n<li>Revopsit borduri stradale \u015fi marcaje longitudinale \u015fi transversale;<\/li>\n<li>Reparat \u015fi revopsit f\u00e2nt\u00e2ni arteziene;<\/li>\n<li>Reparat \u015fi revopsit jardiniere stradale;<\/li>\n<li>Mobilizat sol spa\u0163ii verzi \u015fi t\u0103iere de corec\u0163ie la trandafiri;<\/li>\n<li>Plantare arbu\u015fti ornamentali \u2013 tuia \u2013 220 buc\u0103\u0163i;<\/li>\n<li>Sp\u0103lat str\u0103zi;<\/li>\n<li>Toaletat copaci;<\/li>\n<li>Ajutarea cet\u0103\u0163enilor prin oferirea de flori \u015fi p\u0103m\u00e2nt fertil acestora pentru spa\u0163iile verzi aferente imobilelor lor.<\/li>\n<\/ul>\n<p style=\"text-align: justify;\">\n<p style=\"text-align: justify;\"><!--more-->\u00cencep\u00e2nd de luni, 26 Martie, \u00een ora\u015ful Rovinari s-au realizat o serie de activit\u0103\u0163i de \u00eentre\u0163inere \u015fi \u00eenfrumuse\u0163are a ora\u015fului.\u00a0Astfel, s-a \u00eenceput schimbarea capacelor de canalizare care au fost deteriorate \u00een timpul iernii; plomb\u0103rile stradale; s-au s\u0103pat gropile \u015fi s-au plantat 220 arbu\u015fti ornamentali tuia \u00een scopul \u00eenfrumuse\u0163\u0103rii ora\u015fului, dar \u015fi pentru \u00eembun\u0103t\u0103\u0163irea calit\u0103\u0163ii mediului prin reducerea polu\u0103rii; se ud\u0103 spa\u0163iile verzi din ora\u015f \u015fi anume florile plantate, tuia, trandafirii; se vopsesc bordurile \u015fi st\u00e2lpi\u015forii cu lan\u0163 ornamental.<\/p>\n<p style=\"text-align: justify;\">\u00cen urm\u0103toarea perioad\u0103 va urma plantarea mai multor flori; repararea \u015fi revopsirea b\u0103ncu\u0163elor stradale, a marcajelor longitudinale \u015fi transversale, a f\u00e2nt\u00e2nilor arteziene precum \u015fi a jardinierelor stradale \u015fi sp\u0103latul str\u0103zilor.<\/p>\n<p style=\"text-align: justify;\">\n<p style=\"text-align: justify;\"><span style=\"text-align: justify;\">ngg_shortcode_0_placeholder<\/span><\/p>\n","protected":false},"excerpt":{"rendered":"<p>Activit\u0103\u0163ile de \u00eentre\u0163inere \u015fi \u00eenfrumuse\u0163are a ora\u015fului au \u00eenceput la Rovinari.\u00a0\u00cen aceast\u0103 prim\u0103var\u0103, primarul Filip Dorin \u015fi-a dorit s\u0103 schimbe aspectul ora\u015fului prin implementarea a o serie de planuri \u015fi proiecte foarte bine concepute \u015fi analizate. Astfel, vor fi realizate urm\u0103toarele: Tuns gard viu; Montare limitatoare de vitez\u0103; Reparat \u015fi revopsit b\u0103ncu\u0163e stradale; Revopsit borduri [&hellip;]<\/p>\n","protected":false},"author":1001008,"featured_media":0,"comment_status":"open","ping_status":"open","sticky":false,"template":"","format":"standard","meta":{"ngg_post_thumbnail":0,"footnotes":""},"categories":[4],"tags":[410],"class_list":["post-4420","post","type-post","status-publish","format-standard","hentry","category-informatii-locale","tag-intretinere-si-infrumusetare-oras"],"_links":{"self":[{"href":"https:\/\/primariarovinari.ro\/old\/wp-json\/wp\/v2\/posts\/4420","targetHints":{"allow":["GET"]}}],"collection":[{"href":"https:\/\/primariarovinari.ro\/old\/wp-json\/wp\/v2\/posts"}],"about":[{"href":"https:\/\/primariarovinari.ro\/old\/wp-json\/wp\/v2\/types\/post"}],"author":[{"embeddable":true,"href":"https:\/\/primariarovinari.ro\/old\/wp-json\/wp\/v2\/users\/1001008"}],"replies":[{"embeddable":true,"href":"https:\/\/primariarovinari.ro\/old\/wp-json\/wp\/v2\/comments?post=4420"}],"version-history":[{"count":0,"href":"https:\/\/primariarovinari.ro\/old\/wp-json\/wp\/v2\/posts\/4420\/revisions"}],"wp:attachment":[{"href":"https:\/\/primariarovinari.ro\/old\/wp-json\/wp\/v2\/media?parent=4420"}],"wp:term":[{"taxonomy":"category","embeddable":true,"href":"https:\/\/primariarovinari.ro\/old\/wp-json\/wp\/v2\/categories?post=4420"},{"taxonomy":"post_tag","embeddable":true,"href":"https:\/\/primariarovinari.ro\/old\/wp-json\/wp\/v2\/tags?post=4420"}],"curies":[{"name":"wp","href":"https:\/\/api.w.org\/{rel}","templated":true}]}}