{"id":4398,"date":"2012-03-19T10:53:36","date_gmt":"2012-03-19T08:53:36","guid":{"rendered":"http:\/\/www.primariarovinari.ro\/?p=4398"},"modified":"2012-04-06T11:00:26","modified_gmt":"2012-04-06T09:00:26","slug":"filip-dorin-incepe-curatenia-de-primavara","status":"publish","type":"post","link":"https:\/\/primariarovinari.ro\/old\/2012\/03\/filip-dorin-incepe-curatenia-de-primavara\/","title":{"rendered":"Filip Dorin \u00eencepe cur\u0103\u0163enia de prim\u0103var\u0103"},"content":{"rendered":"<p style=\"text-align: justify;\"><a href=\"http:\/\/www.primariarovinari.ro\/wp-content\/uploads\/2012\/03\/IMG_1145.jpg\"><img loading=\"lazy\" decoding=\"async\" class=\"alignright size-medium wp-image-4399\" style=\"margin-top: 5px; margin-bottom: 5px;\" title=\"IMG_1145\" src=\"http:\/\/www.primariarovinari.ro\/wp-content\/uploads\/2012\/03\/IMG_1145-300x200.jpg\" alt=\"\" width=\"300\" height=\"200\" srcset=\"https:\/\/primariarovinari.ro\/old\/wp-content\/uploads\/2012\/03\/IMG_1145-300x200.jpg 300w, https:\/\/primariarovinari.ro\/old\/wp-content\/uploads\/2012\/03\/IMG_1145.jpg 1024w\" sizes=\"auto, (max-width: 300px) 100vw, 300px\" \/><\/a>Ca \u00een fiecare prim\u0103var\u0103, \u00a0ora\u015ful Rovinari se preg\u0103te\u015fte de cur\u0103\u0163enie. Vineri, 16 Martie, Prim\u0103ria Rovinari a dat startul campaniei de cur\u0103\u0163enie de prim\u0103var\u0103, printr-o ac\u0163iune organizat\u0103 de primarul Filip Dorin.<\/p>\n<p style=\"text-align: justify;\"><span style=\"text-align: justify;\">Astfel, la ini\u0163iativa acestuia, angaja\u0163ii prim\u0103riei s-au \u00eemp\u0103r\u0163it \u00een dou\u0103 grupuri \u015fi au adunat mare parte din de\u015feurile nedegradabile (PET-uri, pungi, sticle, etc) de pe suprafa\u0163a \u00eentregului ora\u015f.<\/span><\/p>\n<p style=\"text-align: justify;\">Ac\u0163iunea a durat dou\u0103 ore \u015fi a reprezentat \u00eenceputul cur\u0103\u0163eniei de prim\u0103var\u0103, care va include printre multe altele \u00eengrijirea \u015fi toaletarea tuturor copacilor din ora\u015f pentru a avea un aspect pl\u0103cut \u015fi \u00eengrijit; refacerea marcajului rutier \u015fi vopsirea bordurilor; plantarea florilor de prim\u0103var\u0103; salubrizarea str\u0103zilor, spa\u0163iilor verzi \u015fi a locurilor publice.<\/p>\n<p style=\"text-align: justify;\"><!--more-->Edilul-\u015fef, Filip Dorin, \u015fi-a propus s\u0103 dea o nou\u0103 fa\u0163\u0103 ora\u015fului, s\u0103 cure\u0163e spa\u0163iile publice, spa\u0163iile verzi dintre blocuri, \u00een scopul \u00eembun\u0103t\u0103\u0163irii calit\u0103\u0163ii mediului, \u00eenfrumuse\u0163\u0103rii ora\u015fului \u015fi salubriz\u0103rii acestuia, precum \u015fi s\u0103 dea astfel un exemplu locuitorilor.\u00a0Pe aceast\u0103 cale, primarul \u00eei invit\u0103 pe to\u0163i iubitorii naturii de a da o m\u00e2n\u0103 de ajutor autorit\u0103\u0163ilor administra\u0163iei publice, prin participarea activ\u0103 la aceste ac\u0163iuni.<\/p>\n<p style=\"text-align: justify;\">ngg_shortcode_0_placeholder<\/p>\n","protected":false},"excerpt":{"rendered":"<p>Ca \u00een fiecare prim\u0103var\u0103, \u00a0ora\u015ful Rovinari se preg\u0103te\u015fte de cur\u0103\u0163enie. Vineri, 16 Martie, Prim\u0103ria Rovinari a dat startul campaniei de cur\u0103\u0163enie de prim\u0103var\u0103, printr-o ac\u0163iune organizat\u0103 de primarul Filip Dorin. Astfel, la ini\u0163iativa acestuia, angaja\u0163ii prim\u0103riei s-au \u00eemp\u0103r\u0163it \u00een dou\u0103 grupuri \u015fi au adunat mare parte din de\u015feurile nedegradabile (PET-uri, pungi, sticle, etc) de pe [&hellip;]<\/p>\n","protected":false},"author":1001008,"featured_media":0,"comment_status":"open","ping_status":"open","sticky":false,"template":"","format":"standard","meta":{"ngg_post_thumbnail":0,"footnotes":""},"categories":[4],"tags":[408],"class_list":["post-4398","post","type-post","status-publish","format-standard","hentry","category-informatii-locale","tag-curatenie-primavara"],"_links":{"self":[{"href":"https:\/\/primariarovinari.ro\/old\/wp-json\/wp\/v2\/posts\/4398","targetHints":{"allow":["GET"]}}],"collection":[{"href":"https:\/\/primariarovinari.ro\/old\/wp-json\/wp\/v2\/posts"}],"about":[{"href":"https:\/\/primariarovinari.ro\/old\/wp-json\/wp\/v2\/types\/post"}],"author":[{"embeddable":true,"href":"https:\/\/primariarovinari.ro\/old\/wp-json\/wp\/v2\/users\/1001008"}],"replies":[{"embeddable":true,"href":"https:\/\/primariarovinari.ro\/old\/wp-json\/wp\/v2\/comments?post=4398"}],"version-history":[{"count":0,"href":"https:\/\/primariarovinari.ro\/old\/wp-json\/wp\/v2\/posts\/4398\/revisions"}],"wp:attachment":[{"href":"https:\/\/primariarovinari.ro\/old\/wp-json\/wp\/v2\/media?parent=4398"}],"wp:term":[{"taxonomy":"category","embeddable":true,"href":"https:\/\/primariarovinari.ro\/old\/wp-json\/wp\/v2\/categories?post=4398"},{"taxonomy":"post_tag","embeddable":true,"href":"https:\/\/primariarovinari.ro\/old\/wp-json\/wp\/v2\/tags?post=4398"}],"curies":[{"name":"wp","href":"https:\/\/api.w.org\/{rel}","templated":true}]}}