{"id":437,"date":"2009-09-14T11:17:55","date_gmt":"2009-09-14T09:17:55","guid":{"rendered":"http:\/\/www.primariarovinari.ro\/?p=437"},"modified":"2010-03-22T17:55:53","modified_gmt":"2010-03-22T15:55:53","slug":"scolile-din-rovinari-pregatite-pentru-inceperea-anului-scolar","status":"publish","type":"post","link":"https:\/\/primariarovinari.ro\/old\/2009\/09\/scolile-din-rovinari-pregatite-pentru-inceperea-anului-scolar\/","title":{"rendered":"\u015ecolile din Rovinari preg\u0103tite pentru \u00eenceperea anului \u015fcolar"},"content":{"rendered":"<p style=\"text-align: justify;\"><a href=\"http:\/\/www.primariarovinari.ro\/wp-content\/uploads\/2009\/09\/1.jpg\"><img loading=\"lazy\" decoding=\"async\" class=\"alignleft size-full wp-image-440\" title=\"1\" src=\"http:\/\/www.primariarovinari.ro\/wp-content\/uploads\/2009\/09\/1.jpg\" alt=\"\" width=\"275\" height=\"206\" srcset=\"https:\/\/primariarovinari.ro\/old\/wp-content\/uploads\/2009\/09\/1.jpg 800w, https:\/\/primariarovinari.ro\/old\/wp-content\/uploads\/2009\/09\/1-300x225.jpg 300w\" sizes=\"auto, (max-width: 275px) 100vw, 275px\" \/><\/a>Ast\u0103zi 14 septembrie 2009, por\u0163ile \u015fcolilor din  ora\u015ful Rovinari s-au redeschis dup\u0103 3 luni de vacan\u0163\u0103. Toate unit\u0103\u0163ile  \u015fcolare din ora\u015f au fost luate cu asalt de c\u0103tre elevi \u00een prima zi de  \u015fcoal\u0103. \u015ecolile au fost preg\u0103tite pentru \u00eenceperea \u00eenc\u0103 unui an \u015fcolar.  Dac\u0103 \u00een alte ora\u015fe mult mai mari ca Rovinariul au fost \u015fcoli care nu  ob\u0163inuser\u0103 avizul de func\u0163ionare nici\u00a0 p\u00e2n\u0103 \u00een prima zi de \u015fcoal\u0103, la  noi nu au fost probleme de acest gen, toate ob\u0163in\u00e2nd avizul de  func\u0163ionare. Deschiderea anului \u015fcolar a decurs normal, profesorii  neboicot\u00e2nd \u00eenceperea anului \u015fcolar. Nu au fost probleme nici cu cornul  \u015fi laptele acordat elevilor \u015fcolari \u015fi pre\u015fcolari, acestea afl\u00e2ndu-se \u00een  unit\u0103\u0163ile \u015fcolare \u00eenc\u0103 din prima zi de \u015fcoal\u0103.<\/p>\n","protected":false},"excerpt":{"rendered":"<p>Ast\u0103zi 14 septembrie 2009, por\u0163ile \u015fcolilor din ora\u015ful Rovinari s-au redeschis dup\u0103 3 luni de vacan\u0163\u0103. Toate unit\u0103\u0163ile \u015fcolare din ora\u015f au fost luate cu asalt de c\u0103tre elevi \u00een prima zi de \u015fcoal\u0103. \u015ecolile au fost preg\u0103tite pentru \u00eenceperea \u00eenc\u0103 unui an \u015fcolar. Dac\u0103 \u00een alte ora\u015fe mult mai mari ca Rovinariul au fost [&hellip;]<\/p>\n","protected":false},"author":1001008,"featured_media":0,"comment_status":"open","ping_status":"open","sticky":false,"template":"","format":"standard","meta":{"ngg_post_thumbnail":0,"footnotes":""},"categories":[4],"tags":[57],"class_list":["post-437","post","type-post","status-publish","format-standard","hentry","category-informatii-locale","tag-inceperea-anului-scolar"],"_links":{"self":[{"href":"https:\/\/primariarovinari.ro\/old\/wp-json\/wp\/v2\/posts\/437","targetHints":{"allow":["GET"]}}],"collection":[{"href":"https:\/\/primariarovinari.ro\/old\/wp-json\/wp\/v2\/posts"}],"about":[{"href":"https:\/\/primariarovinari.ro\/old\/wp-json\/wp\/v2\/types\/post"}],"author":[{"embeddable":true,"href":"https:\/\/primariarovinari.ro\/old\/wp-json\/wp\/v2\/users\/1001008"}],"replies":[{"embeddable":true,"href":"https:\/\/primariarovinari.ro\/old\/wp-json\/wp\/v2\/comments?post=437"}],"version-history":[{"count":0,"href":"https:\/\/primariarovinari.ro\/old\/wp-json\/wp\/v2\/posts\/437\/revisions"}],"wp:attachment":[{"href":"https:\/\/primariarovinari.ro\/old\/wp-json\/wp\/v2\/media?parent=437"}],"wp:term":[{"taxonomy":"category","embeddable":true,"href":"https:\/\/primariarovinari.ro\/old\/wp-json\/wp\/v2\/categories?post=437"},{"taxonomy":"post_tag","embeddable":true,"href":"https:\/\/primariarovinari.ro\/old\/wp-json\/wp\/v2\/tags?post=437"}],"curies":[{"name":"wp","href":"https:\/\/api.w.org\/{rel}","templated":true}]}}