{"id":4350,"date":"2012-03-09T10:09:06","date_gmt":"2012-03-09T08:09:06","guid":{"rendered":"http:\/\/www.primariarovinari.ro\/?p=4350"},"modified":"2012-03-13T10:27:22","modified_gmt":"2012-03-13T08:27:22","slug":"concert-si-veselie-de-8-martie-la-rovinari","status":"publish","type":"post","link":"https:\/\/primariarovinari.ro\/old\/2012\/03\/concert-si-veselie-de-8-martie-la-rovinari\/","title":{"rendered":"Concert \u015fi veselie de 8 Martie la Rovinari"},"content":{"rendered":"<p style=\"text-align: justify;\"><a href=\"http:\/\/www.youtube.com\/watch?v=fhoUAAwoeTc&amp;hd=1\" target=\"_blank\"><img loading=\"lazy\" decoding=\"async\" class=\"alignright size-medium wp-image-4351\" style=\"margin-top: 5px; margin-bottom: 5px;\" title=\"spectacol rovinari (11)\" src=\"http:\/\/www.primariarovinari.ro\/wp-content\/uploads\/2012\/03\/spectacol-rovinari-11-300x200.jpg\" alt=\"\" width=\"300\" height=\"200\" srcset=\"https:\/\/primariarovinari.ro\/old\/wp-content\/uploads\/2012\/03\/spectacol-rovinari-11-300x200.jpg 300w, https:\/\/primariarovinari.ro\/old\/wp-content\/uploads\/2012\/03\/spectacol-rovinari-11.jpg 1024w\" sizes=\"auto, (max-width: 300px) 100vw, 300px\" \/><\/a>Cu ocazia zilei de 8 Martie, locuitorii ora\u015fului Rovinari, iubitori de muzic\u0103 popular\u0103 rom\u00e2neasc\u0103, au avut parte de un spectacol de excep\u0163ie, oferit de c\u0103tre Consiliul Local \u015fi Prim\u0103ria ora\u015fului Rovinari, \u00eempreun\u0103 cu Biblioteca Rovinari \u015fi Casa de Cultur\u0103, spectacol care s-a intitulat \u201eO floare, un z\u00e2mbet, un c\u00e2ntec\u2026\u201d<\/p>\n<p style=\"text-align: justify;\">Acesta a debutat cu dansuri \u015fi c\u00e2ntece folclorice sus\u0163inute de \u015ecoala Popular\u0103 de Art\u0103 sec\u0163ia Rovinari (Profesor Coordonator Emilia Dr\u0103gotoiu Nanu) \u015fi Gr\u0103dini\u0163a Nr. 1 Rovinari (Profesor Coordonator Nicola Nicoleta), iar ca invita\u0163i speciali au participat <a href=\"http:\/\/www.youtube.com\/watch?v=TV5Xfmflz_k&amp;hd=1\" target=\"_blank\">Doini\u0163a \u015fi Ionu\u0163 Dol\u0103nescu<\/a>, unii dintre cei mai cunoscu\u0163i \u015fi \u00eendr\u0103gi\u0163i interpre\u0163i de muzic\u0103 popular\u0103 din Rom\u00e2nia.<\/p>\n<p style=\"text-align: justify;\"><!--more-->Rovin\u0103renii au primit bine \u015fi chiar au l\u0103udat aceast\u0103 ini\u0163iativ\u0103, particip\u00e2nd \u00een num\u0103r de aproximativ 500 de spectatori, atmosfera fiind una de s\u0103rb\u0103toare, veselie \u015fi destindere.<\/p>\nngg_shortcode_0_placeholder\n","protected":false},"excerpt":{"rendered":"<p>Cu ocazia zilei de 8 Martie, locuitorii ora\u015fului Rovinari, iubitori de muzic\u0103 popular\u0103 rom\u00e2neasc\u0103, au avut parte de un spectacol de excep\u0163ie, oferit de c\u0103tre Consiliul Local \u015fi Prim\u0103ria ora\u015fului Rovinari, \u00eempreun\u0103 cu Biblioteca Rovinari \u015fi Casa de Cultur\u0103, spectacol care s-a intitulat \u201eO floare, un z\u00e2mbet, un c\u00e2ntec\u2026\u201d Acesta a debutat cu dansuri \u015fi [&hellip;]<\/p>\n","protected":false},"author":1001008,"featured_media":0,"comment_status":"open","ping_status":"open","sticky":false,"template":"","format":"standard","meta":{"ngg_post_thumbnail":0,"footnotes":""},"categories":[4],"tags":[404],"class_list":["post-4350","post","type-post","status-publish","format-standard","hentry","category-informatii-locale","tag-8-martie-2012"],"_links":{"self":[{"href":"https:\/\/primariarovinari.ro\/old\/wp-json\/wp\/v2\/posts\/4350","targetHints":{"allow":["GET"]}}],"collection":[{"href":"https:\/\/primariarovinari.ro\/old\/wp-json\/wp\/v2\/posts"}],"about":[{"href":"https:\/\/primariarovinari.ro\/old\/wp-json\/wp\/v2\/types\/post"}],"author":[{"embeddable":true,"href":"https:\/\/primariarovinari.ro\/old\/wp-json\/wp\/v2\/users\/1001008"}],"replies":[{"embeddable":true,"href":"https:\/\/primariarovinari.ro\/old\/wp-json\/wp\/v2\/comments?post=4350"}],"version-history":[{"count":0,"href":"https:\/\/primariarovinari.ro\/old\/wp-json\/wp\/v2\/posts\/4350\/revisions"}],"wp:attachment":[{"href":"https:\/\/primariarovinari.ro\/old\/wp-json\/wp\/v2\/media?parent=4350"}],"wp:term":[{"taxonomy":"category","embeddable":true,"href":"https:\/\/primariarovinari.ro\/old\/wp-json\/wp\/v2\/categories?post=4350"},{"taxonomy":"post_tag","embeddable":true,"href":"https:\/\/primariarovinari.ro\/old\/wp-json\/wp\/v2\/tags?post=4350"}],"curies":[{"name":"wp","href":"https:\/\/api.w.org\/{rel}","templated":true}]}}