{"id":4320,"date":"2012-03-05T10:42:41","date_gmt":"2012-03-05T08:42:41","guid":{"rendered":"http:\/\/www.primariarovinari.ro\/?p=4320"},"modified":"2012-03-05T11:13:59","modified_gmt":"2012-03-05T09:13:59","slug":"o-floare-un-zambet-un-cantec","status":"publish","type":"post","link":"https:\/\/primariarovinari.ro\/old\/2012\/03\/o-floare-un-zambet-un-cantec\/","title":{"rendered":"&#8222;O floare, un z\u00e2mbet, un c\u00e2ntec&#8221; &#8211; un spectacol dedicat femeilor"},"content":{"rendered":"<p style=\"text-align: justify;\"><a href=\"http:\/\/www.primariarovinari.ro\/wp-content\/uploads\/2012\/03\/Spectacol-Ionut-Dolanescu-8-martie3.jpg\"><img loading=\"lazy\" decoding=\"async\" class=\"alignright size-medium wp-image-4324\" title=\"Spectacol Ionut Dolanescu 8 martie\" src=\"http:\/\/www.primariarovinari.ro\/wp-content\/uploads\/2012\/03\/Spectacol-Ionut-Dolanescu-8-martie3-212x300.jpg\" alt=\"\" width=\"212\" height=\"300\" srcset=\"https:\/\/primariarovinari.ro\/old\/wp-content\/uploads\/2012\/03\/Spectacol-Ionut-Dolanescu-8-martie3-212x300.jpg 212w, https:\/\/primariarovinari.ro\/old\/wp-content\/uploads\/2012\/03\/Spectacol-Ionut-Dolanescu-8-martie3-726x1024.jpg 726w, https:\/\/primariarovinari.ro\/old\/wp-content\/uploads\/2012\/03\/Spectacol-Ionut-Dolanescu-8-martie3.jpg 1024w\" sizes=\"auto, (max-width: 212px) 100vw, 212px\" \/><\/a>Cu ocazia \u201eZilei femeii\u201d, Consiliul Local \u015fi Prim\u0103ria ora\u015fului Rovinari, \u00eempreun\u0103 cu Biblioteca Rovinari \u015fi Casa de Cultur\u0103, au dorit s\u0103 ofere doamnelor, domni\u015foarelor \u015fi nu numai, un cadou, precum \u015fi momente bine-meritate de destindere \u015fi bucurie.<\/p>\n<p style=\"text-align: justify;\">Toate acestea se materializeaz\u0103 prin spectacolul ce va fi organizat joi, 8 Martie, \u00eencep\u00e2nd cu orele 17.00, la Casa de Cultur\u0103 a Sindicatelor Rovinari \u015fi care se intituleaz\u0103 \u201eO floare, un z\u00e2mbet, un c\u00e2ntec\u2026\u201d.<\/p>\n<p style=\"text-align: justify;\">Spectacolul folcloric va fi sus\u0163inut de Clubul Copiilor Rovinari \u015fi de \u015ecoala Popular\u0103 de Art\u0103 sec\u0163ia Rovinari, iar ca invita\u0163i speciali vor participa <strong>Doini\u0163a \u015fi Ionu\u0163 Dol\u0103nescu<\/strong>.<\/p>\n<p style=\"text-align: center;\"><strong>Intrarea este liber\u0103!<\/strong><\/p>\n","protected":false},"excerpt":{"rendered":"<p>Cu ocazia \u201eZilei femeii\u201d, Consiliul Local \u015fi Prim\u0103ria ora\u015fului Rovinari, \u00eempreun\u0103 cu Biblioteca Rovinari \u015fi Casa de Cultur\u0103, au dorit s\u0103 ofere doamnelor, domni\u015foarelor \u015fi nu numai, un cadou, precum \u015fi momente bine-meritate de destindere \u015fi bucurie. Toate acestea se materializeaz\u0103 prin spectacolul ce va fi organizat joi, 8 Martie, \u00eencep\u00e2nd cu orele 17.00, la [&hellip;]<\/p>\n","protected":false},"author":1001008,"featured_media":0,"comment_status":"open","ping_status":"open","sticky":false,"template":"","format":"standard","meta":{"ngg_post_thumbnail":0,"footnotes":""},"categories":[4],"tags":[404],"class_list":["post-4320","post","type-post","status-publish","format-standard","hentry","category-informatii-locale","tag-8-martie-2012"],"_links":{"self":[{"href":"https:\/\/primariarovinari.ro\/old\/wp-json\/wp\/v2\/posts\/4320","targetHints":{"allow":["GET"]}}],"collection":[{"href":"https:\/\/primariarovinari.ro\/old\/wp-json\/wp\/v2\/posts"}],"about":[{"href":"https:\/\/primariarovinari.ro\/old\/wp-json\/wp\/v2\/types\/post"}],"author":[{"embeddable":true,"href":"https:\/\/primariarovinari.ro\/old\/wp-json\/wp\/v2\/users\/1001008"}],"replies":[{"embeddable":true,"href":"https:\/\/primariarovinari.ro\/old\/wp-json\/wp\/v2\/comments?post=4320"}],"version-history":[{"count":0,"href":"https:\/\/primariarovinari.ro\/old\/wp-json\/wp\/v2\/posts\/4320\/revisions"}],"wp:attachment":[{"href":"https:\/\/primariarovinari.ro\/old\/wp-json\/wp\/v2\/media?parent=4320"}],"wp:term":[{"taxonomy":"category","embeddable":true,"href":"https:\/\/primariarovinari.ro\/old\/wp-json\/wp\/v2\/categories?post=4320"},{"taxonomy":"post_tag","embeddable":true,"href":"https:\/\/primariarovinari.ro\/old\/wp-json\/wp\/v2\/tags?post=4320"}],"curies":[{"name":"wp","href":"https:\/\/api.w.org\/{rel}","templated":true}]}}