{"id":4299,"date":"2012-03-02T11:14:33","date_gmt":"2012-03-02T09:14:33","guid":{"rendered":"http:\/\/www.primariarovinari.ro\/?p=4299"},"modified":"2012-03-02T21:03:55","modified_gmt":"2012-03-02T19:03:55","slug":"primavara-incepe-cu-flori-si-zambete-la-rovinari","status":"publish","type":"post","link":"https:\/\/primariarovinari.ro\/old\/2012\/03\/primavara-incepe-cu-flori-si-zambete-la-rovinari\/","title":{"rendered":"Prim\u0103vara \u00eencepe cu flori \u015fi z\u00e2mbete la Rovinari"},"content":{"rendered":"<p style=\"text-align: justify;\"><a href=\"http:\/\/www.primariarovinari.ro\/wp-content\/uploads\/2012\/03\/1-martie-rovinari-7.jpg\"><img loading=\"lazy\" decoding=\"async\" class=\"alignright size-medium wp-image-4300\" style=\"margin-top: 5px; margin-bottom: 5px;\" title=\"1 martie rovinari (7)\" src=\"http:\/\/www.primariarovinari.ro\/wp-content\/uploads\/2012\/03\/1-martie-rovinari-7-300x168.jpg\" alt=\"\" width=\"300\" height=\"168\" srcset=\"https:\/\/primariarovinari.ro\/old\/wp-content\/uploads\/2012\/03\/1-martie-rovinari-7-300x168.jpg 300w, https:\/\/primariarovinari.ro\/old\/wp-content\/uploads\/2012\/03\/1-martie-rovinari-7.jpg 1024w\" sizes=\"auto, (max-width: 300px) 100vw, 300px\" \/><\/a>Ziua de 1 Martie reprezint\u0103 pentru ora\u015ful Rovinari o tradi\u0163ie, \u00eentruc\u00e2t este o zi \u00een care primarul are ocazia de a-\u015fi manifesta sentimentele de admira\u0163ie, bucurie, respect \u015fi recuno\u015ftin\u0163\u0103 fa\u0163\u0103 de \u201dflorile prim\u0103verii\u201d.<\/p>\n<p style=\"text-align: justify;\">Astfel, aceast\u0103 prim\u0103 zi de prim\u0103var\u0103 a oferit primarului\u00a0 Dorin Filip prilejul de a le transmite tuturor doamnelor \u015fi domni\u015foarelor un mesaj de felicitare, at\u00e2t prin gesturi \u2013 oferirea florilor, c\u00e2t \u015fi prin viu grai: \u201c[\u2026]urez tuturor doamnelor \u015fi domni\u015foarelor \u00eemplinirea dorin\u0163elor \u015fi a g\u00e2ndurilor bune, un an plin de bucurii \u015fi realiz\u0103ri, fiecare prim\u0103vara ce va veni s\u0103 v\u0103 aduc\u0103 \u00een case \u015fi \u00een suflet lini\u015fte, c\u0103ldur\u0103 \u015fi bel\u015fug, iar zilele ce vor veni s\u0103 fie pentru dumneavoastr\u0103 unele minunate \u015fi \u00eensorite!\u201d<\/p>\n<p style=\"text-align: justify;\"><!--more-->Ziua a \u00eenceput cu felicitarea tuturor doamnelor din cadrul prim\u0103riei,\u00a0 urm\u00e2nd apoi personalul \u015fi pacientele Spitalului Or\u0103\u015fenesc \u201dSf\u00e2ntul \u015etefan\u201d Rovinari, iar la final au fost oferite flori doamnelor \u015fi domni\u015foarelor \u00eent\u00e2lnite \u00een diferitele zone ale ora\u015fului.<\/p>\n<p style=\"text-align: justify;\">ngg_shortcode_0_placeholder<\/p>\n","protected":false},"excerpt":{"rendered":"<p>Ziua de 1 Martie reprezint\u0103 pentru ora\u015ful Rovinari o tradi\u0163ie, \u00eentruc\u00e2t este o zi \u00een care primarul are ocazia de a-\u015fi manifesta sentimentele de admira\u0163ie, bucurie, respect \u015fi recuno\u015ftin\u0163\u0103 fa\u0163\u0103 de \u201dflorile prim\u0103verii\u201d. Astfel, aceast\u0103 prim\u0103 zi de prim\u0103var\u0103 a oferit primarului\u00a0 Dorin Filip prilejul de a le transmite tuturor doamnelor \u015fi domni\u015foarelor un mesaj [&hellip;]<\/p>\n","protected":false},"author":1001008,"featured_media":0,"comment_status":"open","ping_status":"open","sticky":false,"template":"","format":"standard","meta":{"ngg_post_thumbnail":0,"footnotes":""},"categories":[4],"tags":[123,403,125],"class_list":["post-4299","post","type-post","status-publish","format-standard","hentry","category-informatii-locale","tag-1-martie","tag-1-martie-2012","tag-flori"],"_links":{"self":[{"href":"https:\/\/primariarovinari.ro\/old\/wp-json\/wp\/v2\/posts\/4299","targetHints":{"allow":["GET"]}}],"collection":[{"href":"https:\/\/primariarovinari.ro\/old\/wp-json\/wp\/v2\/posts"}],"about":[{"href":"https:\/\/primariarovinari.ro\/old\/wp-json\/wp\/v2\/types\/post"}],"author":[{"embeddable":true,"href":"https:\/\/primariarovinari.ro\/old\/wp-json\/wp\/v2\/users\/1001008"}],"replies":[{"embeddable":true,"href":"https:\/\/primariarovinari.ro\/old\/wp-json\/wp\/v2\/comments?post=4299"}],"version-history":[{"count":0,"href":"https:\/\/primariarovinari.ro\/old\/wp-json\/wp\/v2\/posts\/4299\/revisions"}],"wp:attachment":[{"href":"https:\/\/primariarovinari.ro\/old\/wp-json\/wp\/v2\/media?parent=4299"}],"wp:term":[{"taxonomy":"category","embeddable":true,"href":"https:\/\/primariarovinari.ro\/old\/wp-json\/wp\/v2\/categories?post=4299"},{"taxonomy":"post_tag","embeddable":true,"href":"https:\/\/primariarovinari.ro\/old\/wp-json\/wp\/v2\/tags?post=4299"}],"curies":[{"name":"wp","href":"https:\/\/api.w.org\/{rel}","templated":true}]}}