{"id":423,"date":"2009-08-24T11:46:43","date_gmt":"2009-08-24T09:46:43","guid":{"rendered":"http:\/\/www.primariarovinari.ro\/?p=423"},"modified":"2010-03-22T17:53:58","modified_gmt":"2010-03-22T15:53:58","slug":"reprezentanti-ai-oraselor-turek-si-turkler-in-vizita-la-rovinari","status":"publish","type":"post","link":"https:\/\/primariarovinari.ro\/old\/2009\/08\/reprezentanti-ai-oraselor-turek-si-turkler-in-vizita-la-rovinari\/","title":{"rendered":"Reprezentan\u0163i ai ora\u015felor Turek \u015fi Turkler \u00een vizit\u0103 la Rovinari"},"content":{"rendered":"<p style=\"text-align: justify;\"><a href=\"http:\/\/www.primariarovinari.ro\/wp-content\/uploads\/2010\/03\/p5.jpg\"><img loading=\"lazy\" decoding=\"async\" class=\"alignleft size-full wp-image-424\" title=\"p5\" src=\"http:\/\/www.primariarovinari.ro\/wp-content\/uploads\/2010\/03\/p5.jpg\" alt=\"\" width=\"275\" height=\"207\" srcset=\"https:\/\/primariarovinari.ro\/old\/wp-content\/uploads\/2010\/03\/p5.jpg 800w, https:\/\/primariarovinari.ro\/old\/wp-content\/uploads\/2010\/03\/p5-300x225.jpg 300w\" sizes=\"auto, (max-width: 275px) 100vw, 275px\" \/><\/a>Vineri 21 august  2009 cu ocazia desf\u0103\u015fur\u0103rii\u00a0Festivalului Berii, \u00een ora\u015ful\u00a0Rovinari au  sosit dou\u0103 delega\u0163ii str\u0103ine formate din primarul ora\u015fului Turkler Hayri  Cavusoglu din Turcia \u015fi reprezentan\u0163i ai ora\u015fului Turek din Polonia. Ora\u015ful  Rovinari este \u00eenfr\u0103\u0163it cu ora\u015ful Turek, iar vizita reprezentan\u0163ilor  acestui ora\u015f constituind-o consolidarea relatiilor de prietenie,  colaborare \u015fi cooperare \u00een viitor. \u00cen acest scop au fost dezvelite dou\u0103  panouri cu cele mai semnificative\u00a0 simboluri ale celor dou\u0103 ora\u015fe unul  la &#8222;Tractora\u015f&#8221;, iar celalalt \u00een parcul central. Celor din Turkler li s-a  \u00eenm\u00e2nat cheia de aur a ora\u015fului Rovinari de c\u0103tre primarul Dorin Filip  \u015fi urmeaz\u0103 ca \u00een toamn\u0103 sau cel mai probabil anul viitor oficialii  ora\u015fului nostru s\u0103 fie invita\u0163i \u00een Turkler<\/p>\n<p style=\"text-align: justify;\"><!--more-->pentru\u00a0a semna actele de  \u00eenfr\u0103\u0163ire a celor dou\u0103 ora\u015fe. Dup\u0103 descoperirea celor dou\u0103 panouri,  oaspe\u0163ii no\u015ftrii au fost invita\u0163i la sediul Prim\u0103riei Rovinari unde s-a  sus\u0163inut \u015fi o conferin\u0163\u0103 de pres\u0103. La intrarea \u00een sediul prim\u0103rie  ace\u015ftia au fost \u00eent\u00e2mpina\u0163i cu tradi\u0163ionala p\u00e2ine \u015fi sare.<\/p>\n<div style=\"text-align: justify;\"><a href=\"http:\/\/www.primariarovinari.ro\/wp-content\/uploads\/2009\/08\/p4.jpg\"><img loading=\"lazy\" decoding=\"async\" class=\"alignright size-full wp-image-427\" title=\"p4\" src=\"http:\/\/www.primariarovinari.ro\/wp-content\/uploads\/2009\/08\/p4.jpg\" alt=\"\" width=\"275\" height=\"206\" srcset=\"https:\/\/primariarovinari.ro\/old\/wp-content\/uploads\/2009\/08\/p4.jpg 800w, https:\/\/primariarovinari.ro\/old\/wp-content\/uploads\/2009\/08\/p4-300x225.jpg 300w\" sizes=\"auto, (max-width: 275px) 100vw, 275px\" \/><\/a>Primarul Filip Dorin a declarat c\u0103 &#8222;aceste evenimente de \u00eenfr\u0103\u0163ire dintre  ora\u015ful Rovinari \u015fi ora\u015fele amintite reprezint\u0103 pa\u015fi uria\u015fi pentru  dezvoltarea, \u00eennoirea \u015fi prosperitatea ora\u015fului\u00a0nostru, pentru viitorul  s\u0103u. Dezvoltarea \u015fi \u00eentre\u0163inerea rela\u0163iilor de prietenie, de colaborare  multilateral\u0103 cu aceste ora\u015fe, reprezint\u0103 un c\u00e2\u015ftig imens pentru ora\u015ful  nostru. Vom \u00eenv\u0103\u0163a unii de la al\u0163ii cum s\u0103 ne promov\u0103m ora\u015fele, cultura,  tradi\u0163ia, vom c\u0103p\u0103ta noi idei de civiliza\u0163ie, ne vom \u00eensu\u015fii din  experien\u0163a lor c\u00e2t mai multe&#8221;.<\/div>\n<div style=\"text-align: justify;\">Dup\u0103 conferin\u0163a de pres\u0103 oaspe\u0163ii  no\u015ftrii \u00eempreun\u0103 cu edilii locali ai ora\u015fului s-au plimbat prin centrul  Rovinariului pe Bulevardul Minerilor. Ace\u015ftia au stat \u00een Gorj trei zile  timp \u00een care au vizitat c\u00e2teva  obiective turistice ale jude\u0163ului nostru: M\u00e2n\u0103stirea Polovragi, Pe\u015ftera  Polovragi, M\u00e2n\u0103stirea Tismana, R\u00e2nca , iar luni dimine\u0163a au p\u0103r\u0103sit  Rom\u00e2nia.<\/div>\n<div style=\"text-align: center;\"><a href=\"http:\/\/www.primariarovinari.ro\/wp-content\/uploads\/2009\/08\/p7.jpg\"><img loading=\"lazy\" decoding=\"async\" class=\"size-full wp-image-429 aligncenter\" title=\"p7\" src=\"http:\/\/www.primariarovinari.ro\/wp-content\/uploads\/2009\/08\/p7.jpg\" alt=\"\" width=\"500\" height=\"375\" srcset=\"https:\/\/primariarovinari.ro\/old\/wp-content\/uploads\/2009\/08\/p7.jpg 800w, https:\/\/primariarovinari.ro\/old\/wp-content\/uploads\/2009\/08\/p7-300x225.jpg 300w\" sizes=\"auto, (max-width: 500px) 100vw, 500px\" \/><\/a><\/div>\n","protected":false},"excerpt":{"rendered":"<p>Vineri 21 august 2009 cu ocazia desf\u0103\u015fur\u0103rii\u00a0Festivalului Berii, \u00een ora\u015ful\u00a0Rovinari au sosit dou\u0103 delega\u0163ii str\u0103ine formate din primarul ora\u015fului Turkler Hayri Cavusoglu din Turcia \u015fi reprezentan\u0163i ai ora\u015fului Turek din Polonia. Ora\u015ful Rovinari este \u00eenfr\u0103\u0163it cu ora\u015ful Turek, iar vizita reprezentan\u0163ilor acestui ora\u015f constituind-o consolidarea relatiilor de prietenie, colaborare \u015fi cooperare \u00een viitor. \u00cen acest [&hellip;]<\/p>\n","protected":false},"author":1001008,"featured_media":0,"comment_status":"open","ping_status":"open","sticky":false,"template":"","format":"standard","meta":{"ngg_post_thumbnail":0,"footnotes":""},"categories":[4],"tags":[53,51,52],"class_list":["post-423","post","type-post","status-publish","format-standard","hentry","category-informatii-locale","tag-orase-infratite","tag-turek","tag-turkler"],"_links":{"self":[{"href":"https:\/\/primariarovinari.ro\/old\/wp-json\/wp\/v2\/posts\/423","targetHints":{"allow":["GET"]}}],"collection":[{"href":"https:\/\/primariarovinari.ro\/old\/wp-json\/wp\/v2\/posts"}],"about":[{"href":"https:\/\/primariarovinari.ro\/old\/wp-json\/wp\/v2\/types\/post"}],"author":[{"embeddable":true,"href":"https:\/\/primariarovinari.ro\/old\/wp-json\/wp\/v2\/users\/1001008"}],"replies":[{"embeddable":true,"href":"https:\/\/primariarovinari.ro\/old\/wp-json\/wp\/v2\/comments?post=423"}],"version-history":[{"count":0,"href":"https:\/\/primariarovinari.ro\/old\/wp-json\/wp\/v2\/posts\/423\/revisions"}],"wp:attachment":[{"href":"https:\/\/primariarovinari.ro\/old\/wp-json\/wp\/v2\/media?parent=423"}],"wp:term":[{"taxonomy":"category","embeddable":true,"href":"https:\/\/primariarovinari.ro\/old\/wp-json\/wp\/v2\/categories?post=423"},{"taxonomy":"post_tag","embeddable":true,"href":"https:\/\/primariarovinari.ro\/old\/wp-json\/wp\/v2\/tags?post=423"}],"curies":[{"name":"wp","href":"https:\/\/api.w.org\/{rel}","templated":true}]}}