{"id":4209,"date":"2012-02-12T17:08:18","date_gmt":"2012-02-12T15:08:18","guid":{"rendered":"http:\/\/www.primariarovinari.ro\/?p=4209"},"modified":"2012-02-12T17:29:38","modified_gmt":"2012-02-12T15:29:38","slug":"ultima-ora-scoli-inchise-luni-si-marti-din-cauza-codului-portocaliu","status":"publish","type":"post","link":"https:\/\/primariarovinari.ro\/old\/2012\/02\/ultima-ora-scoli-inchise-luni-si-marti-din-cauza-codului-portocaliu\/","title":{"rendered":"ULTIM\u0102 OR\u0102: \u015fcolile \u00eenchise luni \u015fi mar\u0163i din cauza codului portocaliu"},"content":{"rendered":"<p style=\"text-align: justify;\"><a href=\"http:\/\/www.primariarovinari.ro\/wp-content\/uploads\/2012\/02\/scoli-inchise.jpg\"><img loading=\"lazy\" decoding=\"async\" class=\"alignright size-medium wp-image-4211\" style=\"margin-top: 5px; margin-bottom: 5px;\" title=\"scoli inchise\" src=\"http:\/\/www.primariarovinari.ro\/wp-content\/uploads\/2012\/02\/scoli-inchise-300x168.jpg\" alt=\"\" width=\"300\" height=\"168\" srcset=\"https:\/\/primariarovinari.ro\/old\/wp-content\/uploads\/2012\/02\/scoli-inchise-300x168.jpg 300w, https:\/\/primariarovinari.ro\/old\/wp-content\/uploads\/2012\/02\/scoli-inchise.jpg 960w\" sizes=\"auto, (max-width: 300px) 100vw, 300px\" \/><\/a>Inspectoratul \u015ecolar Jude\u0163ean Gorj informeaz\u0103 cadrele didactice, elevii precum \u015fi p\u0103rin\u0163ii acestora c\u0103 datorit\u0103 avertiz\u0103rii &#8222;Cod Portocaliu&#8221; de ninsori, unit\u0103\u0163ile de \u00eenv\u0103\u0163\u0103m\u00e2nt din jude\u0163ul Gorj vor fi \u00eenchise luni \u015fi mar\u0163i (13.02.2012 \u015fi 14.02.2012).<\/p>\n<p style=\"text-align: justify;\">A\u015fadar, inform\u0103m \u015fi noi la r\u00e2ndul nostru \u015fcolarii \u015fi pre\u015fcolarii care sunt \u00eenscri\u015fi la unit\u0103\u0163ile de \u00eenv\u0103\u0163\u0103m\u00e2nt de pe raza ora\u015fului Rovinari ca \u00een data de 13.02.2012 \u015fi 14.02.2012 s\u0103 stea acas\u0103. Avem rug\u0103mintea ca elevii, p\u0103rin\u0163ii, \u00eenv\u0103\u0163\u0103torii \u015fi profesorii s\u0103 se anun\u0163e unii pe ceilal\u0163i, cu privire la faptul c\u0103 luni \u015fi mar\u0163i \u015fcolile vor fi \u00eenchise.<\/p>\n","protected":false},"excerpt":{"rendered":"<p>Inspectoratul \u015ecolar Jude\u0163ean Gorj informeaz\u0103 cadrele didactice, elevii precum \u015fi p\u0103rin\u0163ii acestora c\u0103 datorit\u0103 avertiz\u0103rii &#8222;Cod Portocaliu&#8221; de ninsori, unit\u0103\u0163ile de \u00eenv\u0103\u0163\u0103m\u00e2nt din jude\u0163ul Gorj vor fi \u00eenchise luni \u015fi mar\u0163i (13.02.2012 \u015fi 14.02.2012). A\u015fadar, inform\u0103m \u015fi noi la r\u00e2ndul nostru \u015fcolarii \u015fi pre\u015fcolarii care sunt \u00eenscri\u015fi la unit\u0103\u0163ile de \u00eenv\u0103\u0163\u0103m\u00e2nt de pe raza ora\u015fului [&hellip;]<\/p>\n","protected":false},"author":1001008,"featured_media":0,"comment_status":"open","ping_status":"open","sticky":false,"template":"","format":"standard","meta":{"ngg_post_thumbnail":0,"footnotes":""},"categories":[13],"tags":[400,112],"class_list":["post-4209","post","type-post","status-publish","format-standard","hentry","category-invatamant","tag-inchise","tag-scoli"],"_links":{"self":[{"href":"https:\/\/primariarovinari.ro\/old\/wp-json\/wp\/v2\/posts\/4209","targetHints":{"allow":["GET"]}}],"collection":[{"href":"https:\/\/primariarovinari.ro\/old\/wp-json\/wp\/v2\/posts"}],"about":[{"href":"https:\/\/primariarovinari.ro\/old\/wp-json\/wp\/v2\/types\/post"}],"author":[{"embeddable":true,"href":"https:\/\/primariarovinari.ro\/old\/wp-json\/wp\/v2\/users\/1001008"}],"replies":[{"embeddable":true,"href":"https:\/\/primariarovinari.ro\/old\/wp-json\/wp\/v2\/comments?post=4209"}],"version-history":[{"count":0,"href":"https:\/\/primariarovinari.ro\/old\/wp-json\/wp\/v2\/posts\/4209\/revisions"}],"wp:attachment":[{"href":"https:\/\/primariarovinari.ro\/old\/wp-json\/wp\/v2\/media?parent=4209"}],"wp:term":[{"taxonomy":"category","embeddable":true,"href":"https:\/\/primariarovinari.ro\/old\/wp-json\/wp\/v2\/categories?post=4209"},{"taxonomy":"post_tag","embeddable":true,"href":"https:\/\/primariarovinari.ro\/old\/wp-json\/wp\/v2\/tags?post=4209"}],"curies":[{"name":"wp","href":"https:\/\/api.w.org\/{rel}","templated":true}]}}