{"id":4200,"date":"2012-02-08T15:02:35","date_gmt":"2012-02-08T13:02:35","guid":{"rendered":"http:\/\/www.primariarovinari.ro\/?p=4200"},"modified":"2012-02-08T15:03:08","modified_gmt":"2012-02-08T13:03:08","slug":"concursul-%e2%80%9cmicul-patinator-2012%e2%80%9d","status":"publish","type":"post","link":"https:\/\/primariarovinari.ro\/old\/2012\/02\/concursul-%e2%80%9cmicul-patinator-2012%e2%80%9d\/","title":{"rendered":"Concursul  \u201cMicul Patinator 2012\u201d"},"content":{"rendered":"<p style=\"text-align: justify;\"><a href=\"http:\/\/www.youtube.com\/watch?v=Xdv1PQmOP-k&amp;hd=1\" target=\"_blank\"><img loading=\"lazy\" decoding=\"async\" class=\"alignright size-medium wp-image-4201\" style=\"margin-top: 5px; margin-bottom: 5px;\" title=\"patinoar rovinari\" src=\"http:\/\/www.primariarovinari.ro\/wp-content\/uploads\/2012\/02\/DSC00028-300x168.jpg\" alt=\"\" width=\"300\" height=\"168\" srcset=\"https:\/\/primariarovinari.ro\/old\/wp-content\/uploads\/2012\/02\/DSC00028-300x168.jpg 300w, https:\/\/primariarovinari.ro\/old\/wp-content\/uploads\/2012\/02\/DSC00028-1024x576.jpg 1024w\" sizes=\"auto, (max-width: 300px) 100vw, 300px\" \/><\/a>Odat\u0103 cu venirea z\u0103pezii, adep\u0163ii mi\u015fc\u0103rii \u00een aer liber \u015fi iubitorii sportului de patinaj s-au bucurat de o frumoas\u0103 zi \u00een care au avut posibilitatea de a-\u015fi demonstra calit\u0103\u0163ile \u00een ceea ce prive\u015fte acest sport \u00een cadrul unui concurs organizat de Casa de Cultur\u0103, Prim\u0103ria \u015fi Consiliul Local al ora\u015fului Rovinari.<\/p>\n<p style=\"text-align: justify;\">Acest patinoar sintetic a fost f\u0103cut pentru tinerii ora\u015fului, \u00een scopul de a-i mobiliza \u015fi \u00eencuraja s\u0103 fac\u0103 performan\u0163\u0103, s\u0103 \u00eencerce lucruri noi \u015fi s\u0103 se bucure pe timp de iarn\u0103 de patinaj, precum \u015fi de copil\u0103rie.<\/p>\n<p style=\"text-align: justify;\">\u00cen cadrul acestei prime competi\u0163ii au participat elevii \u015ecolii Generale Nr. 1 din Rovinari, urm\u00e2nd ca \u00een celelalte care vor fi organizate s\u0103 participe elevii \u015ecolii Generale Nr. 3, liceenii, iar \u00een data de 24 februarie tinerii \u00eendr\u0103gosti\u0163i.<br \/>\n<!--more-->ngg_shortcode_0_placeholder<\/p>\n","protected":false},"excerpt":{"rendered":"<p>Odat\u0103 cu venirea z\u0103pezii, adep\u0163ii mi\u015fc\u0103rii \u00een aer liber \u015fi iubitorii sportului de patinaj s-au bucurat de o frumoas\u0103 zi \u00een care au avut posibilitatea de a-\u015fi demonstra calit\u0103\u0163ile \u00een ceea ce prive\u015fte acest sport \u00een cadrul unui concurs organizat de Casa de Cultur\u0103, Prim\u0103ria \u015fi Consiliul Local al ora\u015fului Rovinari. Acest patinoar sintetic a [&hellip;]<\/p>\n","protected":false},"author":1001008,"featured_media":0,"comment_status":"open","ping_status":"open","sticky":false,"template":"","format":"standard","meta":{"ngg_post_thumbnail":0,"footnotes":""},"categories":[4],"tags":[77,78],"class_list":["post-4200","post","type-post","status-publish","format-standard","hentry","category-informatii-locale","tag-concurs","tag-patinaj"],"_links":{"self":[{"href":"https:\/\/primariarovinari.ro\/old\/wp-json\/wp\/v2\/posts\/4200","targetHints":{"allow":["GET"]}}],"collection":[{"href":"https:\/\/primariarovinari.ro\/old\/wp-json\/wp\/v2\/posts"}],"about":[{"href":"https:\/\/primariarovinari.ro\/old\/wp-json\/wp\/v2\/types\/post"}],"author":[{"embeddable":true,"href":"https:\/\/primariarovinari.ro\/old\/wp-json\/wp\/v2\/users\/1001008"}],"replies":[{"embeddable":true,"href":"https:\/\/primariarovinari.ro\/old\/wp-json\/wp\/v2\/comments?post=4200"}],"version-history":[{"count":0,"href":"https:\/\/primariarovinari.ro\/old\/wp-json\/wp\/v2\/posts\/4200\/revisions"}],"wp:attachment":[{"href":"https:\/\/primariarovinari.ro\/old\/wp-json\/wp\/v2\/media?parent=4200"}],"wp:term":[{"taxonomy":"category","embeddable":true,"href":"https:\/\/primariarovinari.ro\/old\/wp-json\/wp\/v2\/categories?post=4200"},{"taxonomy":"post_tag","embeddable":true,"href":"https:\/\/primariarovinari.ro\/old\/wp-json\/wp\/v2\/tags?post=4200"}],"curies":[{"name":"wp","href":"https:\/\/api.w.org\/{rel}","templated":true}]}}