{"id":4187,"date":"2012-01-31T14:01:02","date_gmt":"2012-01-31T12:01:02","guid":{"rendered":"http:\/\/www.primariarovinari.ro\/?p=4187"},"modified":"2012-02-08T15:04:57","modified_gmt":"2012-02-08T13:04:57","slug":"comitetul-local-pentru-situatii-de-urgenta-in-sedinta-extraordinara","status":"publish","type":"post","link":"https:\/\/primariarovinari.ro\/old\/2012\/01\/comitetul-local-pentru-situatii-de-urgenta-in-sedinta-extraordinara\/","title":{"rendered":"Comitetul Local pentru Situa\u0163ii de Urgen\u0163\u0103 \u00een \u015fedin\u0163\u0103 extraordinar\u0103"},"content":{"rendered":"<p style=\"text-align: justify;\"><a href=\"http:\/\/www.youtube.com\/watch?v=TmN1XdLa980&amp;hd=1\" target=\"_blank\"><img loading=\"lazy\" decoding=\"async\" class=\"alignright size-medium wp-image-4189\" style=\"margin-top: 5px; margin-bottom: 5px;\" title=\"rovinari (2)\" src=\"http:\/\/www.primariarovinari.ro\/wp-content\/uploads\/2012\/01\/rovinari-2-300x168.jpg\" alt=\"\" width=\"300\" height=\"168\" srcset=\"https:\/\/primariarovinari.ro\/old\/wp-content\/uploads\/2012\/01\/rovinari-2-300x168.jpg 300w, https:\/\/primariarovinari.ro\/old\/wp-content\/uploads\/2012\/01\/rovinari-2-1024x576.jpg 1024w\" sizes=\"auto, (max-width: 300px) 100vw, 300px\" \/><\/a>\u00cen data de 31.01.2012 ora 10.00, Comitetul Local pentru Situa\u0163ii de Urgen\u0163\u0103 al ora\u015fului Rovinari a fost convocat \u00een \u015fedin\u0163\u0103 extraordinar\u0103, datorit\u0103 temperaturilor extrem de sc\u0103zute \u015fi instaur\u0103rii codului portocaliu.\u00a0 \u00cen cadrul comitetului s-au dezb\u0103tut m\u0103surile ce trebuie luate pentru combaterea frigului foarte n\u0103prasnic din perioada 30.01.2012 &#8211; 03.02.2012\u201d.<\/p>\n<p style=\"text-align: justify;\"><strong>M\u0103surile luate \u00een cadrul C.L.S.U.:<\/strong><br \/>\n&#8211; Asigurarea permanen\u0163ei pe perioada men\u0163ionat\u0103 \u00een avertizarea meteo la sediul prim\u0103riei \u015fi remizei de pompieri;<\/p>\n<p style=\"text-align: justify;\">&#8211; Identificarea spa\u0163iilor de cazare a persoanelor aflate temporar \u00een dificultate \u00een blocul C1;<\/p>\n<p style=\"text-align: justify;\">&#8211; \u00cenfiin\u0163area a doua puncte de servire ceai cald: \u00een zona patinoarului \u015fi cantinei de ajutor social;<\/p>\n<p style=\"text-align: justify;\"><!--more-->&#8211; Asigurarea alimentelor de strict\u0103 necesitate \u015fi a apei potabile de c\u0103tre Serviciul Public de Asisten\u0163\u0103 Social\u0103 \u00een zona Cantinei de Ajutor Social;<\/p>\n<p style=\"text-align: justify;\">&#8211; S-a format o echip\u0103 de verificare a instala\u0163iilor de ap\u0103 \u015fi a hidran\u0163ilor de c\u0103tre SC.ACS. SRL Rovinari pentru prevenirea \u00eenghe\u0163urilor la conductele de ap\u0103 potabil\u0103;<\/p>\n<p style=\"text-align: justify;\">&#8211; Poli\u0163ia Local\u0103 Rovinari a trecut la identificarea persoanelor aflate \u00een dificultate \u015fi dirijarea acestora \u00een func\u0163ie de gravitatea st\u0103rii acestora fie la Spitalul \u201eSf. \u015etefan\u201d Rovinari, fie la centrul de preluare din blocul C1.<br \/>\nngg_shortcode_0_placeholder<\/p>\n","protected":false},"excerpt":{"rendered":"<p>\u00cen data de 31.01.2012 ora 10.00, Comitetul Local pentru Situa\u0163ii de Urgen\u0163\u0103 al ora\u015fului Rovinari a fost convocat \u00een \u015fedin\u0163\u0103 extraordinar\u0103, datorit\u0103 temperaturilor extrem de sc\u0103zute \u015fi instaur\u0103rii codului portocaliu.\u00a0 \u00cen cadrul comitetului s-au dezb\u0103tut m\u0103surile ce trebuie luate pentru combaterea frigului foarte n\u0103prasnic din perioada 30.01.2012 &#8211; 03.02.2012\u201d. M\u0103surile luate \u00een cadrul C.L.S.U.: &#8211; [&hellip;]<\/p>\n","protected":false},"author":1001008,"featured_media":0,"comment_status":"open","ping_status":"open","sticky":false,"template":"","format":"standard","meta":{"ngg_post_thumbnail":0,"footnotes":""},"categories":[3],"tags":[399,60,398],"class_list":["post-4187","post","type-post","status-publish","format-standard","hentry","category-comunicate-de-presa","tag-masuri-de-protectie","tag-svsu","tag-temperaturi-scazute"],"_links":{"self":[{"href":"https:\/\/primariarovinari.ro\/old\/wp-json\/wp\/v2\/posts\/4187","targetHints":{"allow":["GET"]}}],"collection":[{"href":"https:\/\/primariarovinari.ro\/old\/wp-json\/wp\/v2\/posts"}],"about":[{"href":"https:\/\/primariarovinari.ro\/old\/wp-json\/wp\/v2\/types\/post"}],"author":[{"embeddable":true,"href":"https:\/\/primariarovinari.ro\/old\/wp-json\/wp\/v2\/users\/1001008"}],"replies":[{"embeddable":true,"href":"https:\/\/primariarovinari.ro\/old\/wp-json\/wp\/v2\/comments?post=4187"}],"version-history":[{"count":0,"href":"https:\/\/primariarovinari.ro\/old\/wp-json\/wp\/v2\/posts\/4187\/revisions"}],"wp:attachment":[{"href":"https:\/\/primariarovinari.ro\/old\/wp-json\/wp\/v2\/media?parent=4187"}],"wp:term":[{"taxonomy":"category","embeddable":true,"href":"https:\/\/primariarovinari.ro\/old\/wp-json\/wp\/v2\/categories?post=4187"},{"taxonomy":"post_tag","embeddable":true,"href":"https:\/\/primariarovinari.ro\/old\/wp-json\/wp\/v2\/tags?post=4187"}],"curies":[{"name":"wp","href":"https:\/\/api.w.org\/{rel}","templated":true}]}}