{"id":4175,"date":"2012-01-25T09:16:42","date_gmt":"2012-01-25T07:16:42","guid":{"rendered":"http:\/\/www.primariarovinari.ro\/?p=4175"},"modified":"2012-01-25T09:36:55","modified_gmt":"2012-01-25T07:36:55","slug":"ziua-unirii-principatelor-sarbatorita-si-la-rovinari","status":"publish","type":"post","link":"https:\/\/primariarovinari.ro\/old\/2012\/01\/ziua-unirii-principatelor-sarbatorita-si-la-rovinari\/","title":{"rendered":"Ziua Unirii Principatelor, s\u0103rb\u0103torit\u0103 \u015fi la Rovinari"},"content":{"rendered":"<p style=\"text-align: justify;\"><a href=\"http:\/\/www.youtube.com\/watch?v=uxe4_DRXO94&amp;hd=1\" target=\"_blank\"><img loading=\"lazy\" decoding=\"async\" class=\"alignright size-medium wp-image-4176\" style=\"margin-top: 5px; margin-bottom: 5px;\" title=\"Unirea Principatelor Rovinaii\" src=\"http:\/\/www.primariarovinari.ro\/wp-content\/uploads\/2012\/01\/Unirea-Principatelor-Rovinaii-300x168.jpg\" alt=\"\" width=\"300\" height=\"168\" srcset=\"https:\/\/primariarovinari.ro\/old\/wp-content\/uploads\/2012\/01\/Unirea-Principatelor-Rovinaii-300x168.jpg 300w, https:\/\/primariarovinari.ro\/old\/wp-content\/uploads\/2012\/01\/Unirea-Principatelor-Rovinaii.jpg 1024w\" sizes=\"auto, (max-width: 300px) 100vw, 300px\" \/><\/a>Dup\u0103 cum bine \u015fti\u0163i, pe 24 ianuarie 1859 a avut loc Unirea Principatelor Moldova \u015fi \u0162ara Rom\u00e2neasc\u0103, sub domnia lui Alexandru Ioan Cuza. De atunci, mai exact de 153 ani aceast\u0103 zi a fost ridicat\u0103 la rang de s\u0103rb\u0103toare, \u00eentruc\u00e2t momentul a reprezentat pentru noi to\u0163i un important pas spre dob\u00e2ndirea de c\u0103tre Rom\u00e2nia a statutului de \u201cStat na\u0163ional, suveran \u015fi independent, unitar \u015fi indivizibil\u201d.<\/p>\n<p style=\"text-align: justify;\">Acest eveniment important a fost s\u0103rb\u0103torit \u015fi la Rovinari a\u015fa cum se cuvine, printr-un program sus\u0163inut de copiii de la \u015ecoala Popular\u0103 de Arte T\u00e2rgu Jiu, Sec\u0163ia Extern\u0103 Rovinari. Durata evenimentului a fost de aproximativ o or\u0103, timp \u00een care ace\u015ftia au interpretat un repertoriu specific evenimentului, care a constat \u00eentr-o suit\u0103 de dansuri \u015fi c\u00e2ntece populare.<\/p>\n<p style=\"text-align: justify;\"><!--more-->De asemenea, viceprimarul ora\u015fului Rovinari, Lauren\u0163iu Chivu a \u0163inut \u00een fa\u0163a celor prezen\u0163i un discurs, prin care a \u00eendemnat la s\u0103rb\u0103torirea acestor momente de glorie ale poporului rom\u00e2n.<br \/>\nngg_shortcode_0_placeholder<\/p>\n","protected":false},"excerpt":{"rendered":"<p>Dup\u0103 cum bine \u015fti\u0163i, pe 24 ianuarie 1859 a avut loc Unirea Principatelor Moldova \u015fi \u0162ara Rom\u00e2neasc\u0103, sub domnia lui Alexandru Ioan Cuza. De atunci, mai exact de 153 ani aceast\u0103 zi a fost ridicat\u0103 la rang de s\u0103rb\u0103toare, \u00eentruc\u00e2t momentul a reprezentat pentru noi to\u0163i un important pas spre dob\u00e2ndirea de c\u0103tre Rom\u00e2nia a [&hellip;]<\/p>\n","protected":false},"author":1001008,"featured_media":0,"comment_status":"open","ping_status":"open","sticky":false,"template":"","format":"standard","meta":{"ngg_post_thumbnail":0,"footnotes":""},"categories":[4],"tags":[],"class_list":["post-4175","post","type-post","status-publish","format-standard","hentry","category-informatii-locale"],"_links":{"self":[{"href":"https:\/\/primariarovinari.ro\/old\/wp-json\/wp\/v2\/posts\/4175","targetHints":{"allow":["GET"]}}],"collection":[{"href":"https:\/\/primariarovinari.ro\/old\/wp-json\/wp\/v2\/posts"}],"about":[{"href":"https:\/\/primariarovinari.ro\/old\/wp-json\/wp\/v2\/types\/post"}],"author":[{"embeddable":true,"href":"https:\/\/primariarovinari.ro\/old\/wp-json\/wp\/v2\/users\/1001008"}],"replies":[{"embeddable":true,"href":"https:\/\/primariarovinari.ro\/old\/wp-json\/wp\/v2\/comments?post=4175"}],"version-history":[{"count":0,"href":"https:\/\/primariarovinari.ro\/old\/wp-json\/wp\/v2\/posts\/4175\/revisions"}],"wp:attachment":[{"href":"https:\/\/primariarovinari.ro\/old\/wp-json\/wp\/v2\/media?parent=4175"}],"wp:term":[{"taxonomy":"category","embeddable":true,"href":"https:\/\/primariarovinari.ro\/old\/wp-json\/wp\/v2\/categories?post=4175"},{"taxonomy":"post_tag","embeddable":true,"href":"https:\/\/primariarovinari.ro\/old\/wp-json\/wp\/v2\/tags?post=4175"}],"curies":[{"name":"wp","href":"https:\/\/api.w.org\/{rel}","templated":true}]}}