{"id":4148,"date":"2012-03-05T11:10:28","date_gmt":"2012-03-05T09:10:28","guid":{"rendered":"http:\/\/www.primariarovinari.ro\/?p=4148"},"modified":"2012-03-05T11:41:50","modified_gmt":"2012-03-05T09:41:50","slug":"dorin-filip-promoveaza-curatenia-in-oras","status":"publish","type":"post","link":"https:\/\/primariarovinari.ro\/old\/2012\/03\/dorin-filip-promoveaza-curatenia-in-oras\/","title":{"rendered":"Campania cur\u0103\u0163eniei de prim\u0103var\u0103 debuteaz\u0103 cu o ac\u0163iune de ecologizare"},"content":{"rendered":"<p style=\"text-align: justify;\"><a href=\"http:\/\/www.primariarovinari.ro\/wp-content\/uploads\/2012\/01\/salubritate-urbana-rovinari.jpg\"><img loading=\"lazy\" decoding=\"async\" class=\"alignright size-medium wp-image-4149\" style=\"margin-top: 5px; margin-bottom: 5px;\" title=\"salubritate urbana rovinari\" src=\"http:\/\/www.primariarovinari.ro\/wp-content\/uploads\/2012\/01\/salubritate-urbana-rovinari-300x168.jpg\" alt=\"\" width=\"300\" height=\"168\" srcset=\"https:\/\/primariarovinari.ro\/old\/wp-content\/uploads\/2012\/01\/salubritate-urbana-rovinari-300x168.jpg 300w, https:\/\/primariarovinari.ro\/old\/wp-content\/uploads\/2012\/01\/salubritate-urbana-rovinari.jpg 1024w\" sizes=\"auto, (max-width: 300px) 100vw, 300px\" \/><\/a>Primarul ora\u015fului Rovinari, Dorin Filip, a luat ini\u0163iativa organiz\u0103rii unei ac\u0163iuni ecologice, vineri 09 martie 2012 \u00eencep\u00e2nd cu orele 12.00 \u00een cazul \u00een care vremea va permite acest lucru.<\/p>\n<p style=\"text-align: justify;\">Aceasta presupune colectarea tuturor de\u015feurilor nedegradabile (PET-uri, pungi, sticle, etc) de pe spa\u0163iile verzi cu scopul salubriz\u0103rii \u015fi \u00eenfrumuse\u0163\u0103rii ora\u015fului.<\/p>\n<p style=\"text-align: justify;\">La aceast\u0103 ac\u0163iune vor participa to\u0163i angaja\u0163ii prim\u0103riei \u015fi invit\u0103m al\u0103turi de noi c\u00e2t mai mul\u0163i iubitori \u015fi ocrotitori ai mediului \u00eenconjur\u0103tor. Participan\u0163ii vor primi saci \u015fi m\u0103nu\u015fi din partea organizatorilor.<\/p>\n<p style=\"text-align: center;\">V\u0103 a\u015ftept\u0103m cu drag!<\/p>\n","protected":false},"excerpt":{"rendered":"<p>Primarul ora\u015fului Rovinari, Dorin Filip, a luat ini\u0163iativa organiz\u0103rii unei ac\u0163iuni ecologice, vineri 09 martie 2012 \u00eencep\u00e2nd cu orele 12.00 \u00een cazul \u00een care vremea va permite acest lucru. Aceasta presupune colectarea tuturor de\u015feurilor nedegradabile (PET-uri, pungi, sticle, etc) de pe spa\u0163iile verzi cu scopul salubriz\u0103rii \u015fi \u00eenfrumuse\u0163\u0103rii ora\u015fului. La aceast\u0103 ac\u0163iune vor participa to\u0163i [&hellip;]<\/p>\n","protected":false},"author":1001008,"featured_media":0,"comment_status":"open","ping_status":"open","sticky":false,"template":"","format":"standard","meta":{"ngg_post_thumbnail":0,"footnotes":""},"categories":[9],"tags":[405],"class_list":["post-4148","post","type-post","status-publish","format-standard","hentry","category-anunturi","tag-curatenie-de-primavara"],"_links":{"self":[{"href":"https:\/\/primariarovinari.ro\/old\/wp-json\/wp\/v2\/posts\/4148","targetHints":{"allow":["GET"]}}],"collection":[{"href":"https:\/\/primariarovinari.ro\/old\/wp-json\/wp\/v2\/posts"}],"about":[{"href":"https:\/\/primariarovinari.ro\/old\/wp-json\/wp\/v2\/types\/post"}],"author":[{"embeddable":true,"href":"https:\/\/primariarovinari.ro\/old\/wp-json\/wp\/v2\/users\/1001008"}],"replies":[{"embeddable":true,"href":"https:\/\/primariarovinari.ro\/old\/wp-json\/wp\/v2\/comments?post=4148"}],"version-history":[{"count":0,"href":"https:\/\/primariarovinari.ro\/old\/wp-json\/wp\/v2\/posts\/4148\/revisions"}],"wp:attachment":[{"href":"https:\/\/primariarovinari.ro\/old\/wp-json\/wp\/v2\/media?parent=4148"}],"wp:term":[{"taxonomy":"category","embeddable":true,"href":"https:\/\/primariarovinari.ro\/old\/wp-json\/wp\/v2\/categories?post=4148"},{"taxonomy":"post_tag","embeddable":true,"href":"https:\/\/primariarovinari.ro\/old\/wp-json\/wp\/v2\/tags?post=4148"}],"curies":[{"name":"wp","href":"https:\/\/api.w.org\/{rel}","templated":true}]}}