{"id":4034,"date":"2012-01-03T10:40:08","date_gmt":"2012-01-03T08:40:08","guid":{"rendered":"http:\/\/www.primariarovinari.ro\/?p=4034"},"modified":"2012-01-03T10:43:24","modified_gmt":"2012-01-03T08:43:24","slug":"dorin-filip-catre-rovinareni-%e2%80%9ela-multi-ani-sanatate-si-tot-ce-va-doriti-%e2%80%9d","status":"publish","type":"post","link":"https:\/\/primariarovinari.ro\/old\/2012\/01\/dorin-filip-catre-rovinareni-%e2%80%9ela-multi-ani-sanatate-si-tot-ce-va-doriti-%e2%80%9d\/","title":{"rendered":"Dorin Filip c\u0103tre rovin\u0103reni: \u201eLa mul\u0163i ani, s\u0103n\u0103tate \u015fi tot ce v\u0103 dori\u0163i !\u201d"},"content":{"rendered":"<p style=\"text-align: justify;\"><a href=\"http:\/\/www.youtube.com\/watch?v=zPWeRk_zLKA&amp;hd=1\" target=\"_blank\"><img loading=\"lazy\" decoding=\"async\" class=\"alignright size-medium wp-image-4035\" style=\"margin-top: 1px; margin-bottom: 1px;\" title=\"revelion rovinari\" src=\"http:\/\/www.primariarovinari.ro\/wp-content\/uploads\/2012\/01\/DSC00003-300x168.jpg\" alt=\"\" width=\"300\" height=\"168\" srcset=\"https:\/\/primariarovinari.ro\/old\/wp-content\/uploads\/2012\/01\/DSC00003-300x168.jpg 300w, https:\/\/primariarovinari.ro\/old\/wp-content\/uploads\/2012\/01\/DSC00003.jpg 1024w\" sizes=\"auto, (max-width: 300px) 100vw, 300px\" \/><\/a>De revelion, rovin\u0103renii veni\u0163i pe Bulevardul Minerilor din centrul ora\u015fului, au \u00eent\u00e2mpinat noul an cu \u015fampanie, bere \u015fi artificii. Pe bulevard au fost prezen\u0163i consilierii locali \u015fi primarul Dorin Filip, care dup\u0103 ora 00.00 au ciocnit un pahar de \u015fampanie cu cet\u0103\u0163enii veni\u0163i \u00een centrul ora\u015fului.<\/p>\n<p style=\"text-align: justify;\">Cu toate c\u0103 cea\u0163a a redus vizibilitatea focului de artificii, Dorin Filip a \u0163inut s\u0103 ureze tuturor rovin\u0103renilor s\u0103n\u0103tate, fericire \u015fi \u00eemplinirea tuturor dorin\u0163elor.<\/p>\n<p style=\"text-align: center;\">\u00cen ciuda frigului \u015fi a ce\u0163ii foarte dense, distrac\u0163ia a fost la ea acas\u0103.<\/p>\n<p><!--more-->ngg_shortcode_0_placeholder<\/p>\n","protected":false},"excerpt":{"rendered":"<p>De revelion, rovin\u0103renii veni\u0163i pe Bulevardul Minerilor din centrul ora\u015fului, au \u00eent\u00e2mpinat noul an cu \u015fampanie, bere \u015fi artificii. Pe bulevard au fost prezen\u0163i consilierii locali \u015fi primarul Dorin Filip, care dup\u0103 ora 00.00 au ciocnit un pahar de \u015fampanie cu cet\u0103\u0163enii veni\u0163i \u00een centrul ora\u015fului. Cu toate c\u0103 cea\u0163a a redus vizibilitatea focului de [&hellip;]<\/p>\n","protected":false},"author":1001008,"featured_media":0,"comment_status":"open","ping_status":"open","sticky":false,"template":"","format":"standard","meta":{"ngg_post_thumbnail":0,"footnotes":""},"categories":[4],"tags":[212,33,99],"class_list":["post-4034","post","type-post","status-publish","format-standard","hentry","category-informatii-locale","tag-distractie","tag-petrecere","tag-revelion"],"_links":{"self":[{"href":"https:\/\/primariarovinari.ro\/old\/wp-json\/wp\/v2\/posts\/4034","targetHints":{"allow":["GET"]}}],"collection":[{"href":"https:\/\/primariarovinari.ro\/old\/wp-json\/wp\/v2\/posts"}],"about":[{"href":"https:\/\/primariarovinari.ro\/old\/wp-json\/wp\/v2\/types\/post"}],"author":[{"embeddable":true,"href":"https:\/\/primariarovinari.ro\/old\/wp-json\/wp\/v2\/users\/1001008"}],"replies":[{"embeddable":true,"href":"https:\/\/primariarovinari.ro\/old\/wp-json\/wp\/v2\/comments?post=4034"}],"version-history":[{"count":0,"href":"https:\/\/primariarovinari.ro\/old\/wp-json\/wp\/v2\/posts\/4034\/revisions"}],"wp:attachment":[{"href":"https:\/\/primariarovinari.ro\/old\/wp-json\/wp\/v2\/media?parent=4034"}],"wp:term":[{"taxonomy":"category","embeddable":true,"href":"https:\/\/primariarovinari.ro\/old\/wp-json\/wp\/v2\/categories?post=4034"},{"taxonomy":"post_tag","embeddable":true,"href":"https:\/\/primariarovinari.ro\/old\/wp-json\/wp\/v2\/tags?post=4034"}],"curies":[{"name":"wp","href":"https:\/\/api.w.org\/{rel}","templated":true}]}}