{"id":4013,"date":"2011-12-19T09:44:28","date_gmt":"2011-12-19T07:44:28","guid":{"rendered":"http:\/\/www.primariarovinari.ro\/?p=4013"},"modified":"2011-12-19T09:46:07","modified_gmt":"2011-12-19T07:46:07","slug":"targul-de-iarna-%e2%80%93-editia-a-iv-a-2011","status":"publish","type":"post","link":"https:\/\/primariarovinari.ro\/old\/2011\/12\/targul-de-iarna-%e2%80%93-editia-a-iv-a-2011\/","title":{"rendered":"T\u00e2rgul de Iarn\u0103 \u2013 edi\u0163ia a IV-a 2011"},"content":{"rendered":"<p style=\"text-align: justify;\"><a href=\"http:\/\/www.youtube.com\/watch?v=YrkcHDVBTHk&amp;hd=1\" target=\"_blank\"><img loading=\"lazy\" decoding=\"async\" class=\"alignright size-medium wp-image-4017\" style=\"margin-top: 5px; margin-bottom: 5px;\" title=\"tg de iarna (12)\" src=\"http:\/\/www.primariarovinari.ro\/wp-content\/uploads\/2011\/12\/tg-de-iarna-12-300x168.jpg\" alt=\"\" width=\"300\" height=\"168\" srcset=\"https:\/\/primariarovinari.ro\/old\/wp-content\/uploads\/2011\/12\/tg-de-iarna-12-300x168.jpg 300w, https:\/\/primariarovinari.ro\/old\/wp-content\/uploads\/2011\/12\/tg-de-iarna-12.jpg 1024w\" sizes=\"auto, (max-width: 300px) 100vw, 300px\" \/><\/a>Joi, 15 decembrie 2011, \u015ecoala General\u0103 Nr. 1 a organizat a IV-a edi\u0163ie a T\u00e2rgului de Iarn\u0103. Acest t\u00e2rg a intrat \u00een tradi\u0163ia \u015ecolii Generale Nr. 1 Rovinari fiind popularizat \u015fi mediatizat \u00een r\u00e2ndul elevilor \u015fi al comunit\u0103\u0163ii locale.<\/p>\n<p style=\"text-align: justify;\">Ideea t\u00e2rgului a venit din dorin\u0163a cadrelor didactice \u015fi a elevilor de a-i ajuta pe copiii orfani sau pe cei cu o situa\u0163ie material\u0103 precar\u0103. \u015ei \u00een acest an 27 de elevi au primit daruri const\u00e2nd \u00een haine, dulciuri, \u015fi fructe. Pe l\u00e2ng\u0103 elevii \u015ecolii Generale Nr. 1, vor mai beneficia de cadouri \u015fi tinerii din Casa de tip Familial \u2013 Tineretului Rovinari.<\/p>\n<p style=\"text-align: justify;\">Toate aceste daruri au fost posibile, datorit\u0103 existen\u0163ei \u015fi a bunei organiz\u0103ri a T\u00e2rgului de Iarn\u0103, de la care s-a reu\u015fit \u00eencasarea, \u00een urma v\u00e2nz\u0103rilor obiectelor confec\u0163ionate de elevi, suma de 1468 lei. Un rol important \u00een str\u00e2ngerea acestei sume de bani, l-au avut p\u0103rin\u0163ii care au sprijinit ac\u0163iunea.<\/p>\n<p style=\"text-align: justify;\"><!--more-->Credem c\u0103 \u00een aceast\u0103 perioad\u0103 a anului ar trebui s\u0103 \u00eentindem o m\u00e2n\u0103 de ajutor celor care au nevoie de sprijin \u015fi de o raz\u0103 de soare \u00een sufletul lor pur de copil.<\/p>\n<p style=\"text-align: justify;\">Un g\u00e2nd bun pentru continuitatea \u015fcolar\u0103, pentru p\u0103rin\u0163i, pace \u00een suflet \u015fi bucurii.<\/p>\nngg_shortcode_0_placeholder\n","protected":false},"excerpt":{"rendered":"<p>Joi, 15 decembrie 2011, \u015ecoala General\u0103 Nr. 1 a organizat a IV-a edi\u0163ie a T\u00e2rgului de Iarn\u0103. Acest t\u00e2rg a intrat \u00een tradi\u0163ia \u015ecolii Generale Nr. 1 Rovinari fiind popularizat \u015fi mediatizat \u00een r\u00e2ndul elevilor \u015fi al comunit\u0103\u0163ii locale. Ideea t\u00e2rgului a venit din dorin\u0163a cadrelor didactice \u015fi a elevilor de a-i ajuta pe copiii [&hellip;]<\/p>\n","protected":false},"author":1001008,"featured_media":0,"comment_status":"open","ping_status":"open","sticky":false,"template":"","format":"standard","meta":{"ngg_post_thumbnail":0,"footnotes":""},"categories":[13],"tags":[84,390,389],"class_list":["post-4013","post","type-post","status-publish","format-standard","hentry","category-invatamant","tag-cadouri","tag-daruri","tag-targ-de-iarna"],"_links":{"self":[{"href":"https:\/\/primariarovinari.ro\/old\/wp-json\/wp\/v2\/posts\/4013","targetHints":{"allow":["GET"]}}],"collection":[{"href":"https:\/\/primariarovinari.ro\/old\/wp-json\/wp\/v2\/posts"}],"about":[{"href":"https:\/\/primariarovinari.ro\/old\/wp-json\/wp\/v2\/types\/post"}],"author":[{"embeddable":true,"href":"https:\/\/primariarovinari.ro\/old\/wp-json\/wp\/v2\/users\/1001008"}],"replies":[{"embeddable":true,"href":"https:\/\/primariarovinari.ro\/old\/wp-json\/wp\/v2\/comments?post=4013"}],"version-history":[{"count":0,"href":"https:\/\/primariarovinari.ro\/old\/wp-json\/wp\/v2\/posts\/4013\/revisions"}],"wp:attachment":[{"href":"https:\/\/primariarovinari.ro\/old\/wp-json\/wp\/v2\/media?parent=4013"}],"wp:term":[{"taxonomy":"category","embeddable":true,"href":"https:\/\/primariarovinari.ro\/old\/wp-json\/wp\/v2\/categories?post=4013"},{"taxonomy":"post_tag","embeddable":true,"href":"https:\/\/primariarovinari.ro\/old\/wp-json\/wp\/v2\/tags?post=4013"}],"curies":[{"name":"wp","href":"https:\/\/api.w.org\/{rel}","templated":true}]}}