{"id":395,"date":"2009-08-17T12:05:19","date_gmt":"2009-08-17T10:05:19","guid":{"rendered":"http:\/\/www.primariarovinari.ro\/?p=395"},"modified":"2010-03-22T10:13:35","modified_gmt":"2010-03-22T08:13:35","slug":"festivalul-berii-editia-a-iv-a-august-2009","status":"publish","type":"post","link":"https:\/\/primariarovinari.ro\/old\/2009\/08\/festivalul-berii-editia-a-iv-a-august-2009\/","title":{"rendered":"Festivalul Berii Edi\u0163ia a IV-a august 2009"},"content":{"rendered":"<p style=\"text-align: justify;\"><span style=\"font-family: arial,helvetica,sans-serif;\"><a href=\"http:\/\/www.primariarovinari.ro\/wp-content\/uploads\/2010\/03\/festival2009.jpg\"><img loading=\"lazy\" decoding=\"async\" class=\"alignright size-full wp-image-400\" title=\"festival2009\" src=\"http:\/\/www.primariarovinari.ro\/wp-content\/uploads\/2010\/03\/festival2009.jpg\" alt=\"\" width=\"200\" height=\"281\" \/><\/a>Consiliul  Local \u015fi Prim\u0103ria Rovinari, Casa de Cultur\u0103 \u015fi Biblioteca Rovinari  organizeaz\u0103 \u00een perioada 21-23 august 2009 Festivalul Berii Edi\u0163ia a  IV-a.<\/span><span style=\"font-family: arial,helvetica,sans-serif;\"> Festivalul se va desf\u0103\u015fura pe  perioada celor 3 zile de la sf\u00e2r\u015fitul s\u0103pt\u0103m\u00e2nii: vineri, s\u00e2mb\u0103t\u0103,  duminic\u0103, \u015fi va consta \u00een:\u00a0 spectacol muzical, spectacol folcloric,  dansuri moderne, disco-party \u00een aer liber, <\/span><span style=\"font-family: arial,helvetica,sans-serif;\">concursuri recreativ-sportive<\/span><span style=\"font-family: arial,helvetica,sans-serif;\"> Vor fi prezente urm\u0103toarele  forma\u0163ii: Anda Adam, Mihai (ex 3 SudEst), NEK Claudia &amp; De Marco,  Trupa Varz\u0103, Cristian Rizescu, \u015eu\u015fanu, Nicoleta Gu\u0163\u0103. Spectacolul  folcloric \u015fi de dansuri moderne va fi sus\u0163inut de Clubul Copiilor  Rovinari.<\/span><\/p>\n<div style=\"text-align: justify;\"><span style=\"font-family: arial,helvetica,sans-serif;\"> <\/span><span style=\"font-family: arial,helvetica,sans-serif;\">Cu ocazia acestui festival \u00een ora\u015ful  Rovinari sunt invitate trei delega\u0163ii str\u0103ine formate din c\u00e2te 4 membri  fiecare . Delega\u0163iile sunt din ora\u015fele Turek-Polonia (ora\u015ful Turek este  \u00eenfr\u0103\u0163it cu ora\u015ful Rovinari), Turkler-Turcia \u015fi Wiesmoor-Germania (ora\u015fe  cu care urmeaz\u0103 s\u0103 se \u00eenfr\u0103\u0163easc\u0103 cu Rovinariul). Prezen\u0163a lor \u00een  Rovinari constituind-o \u00eembun\u0103t\u0103\u0163irea rela\u0163iilor dintre cele trei ora\u015fe  \u015fi colaborarea acestora pe viitor pentru o dezvoltare economic\u0103  multilateral\u0103.<\/span><\/div>\n","protected":false},"excerpt":{"rendered":"<p>Consiliul Local \u015fi Prim\u0103ria Rovinari, Casa de Cultur\u0103 \u015fi Biblioteca Rovinari organizeaz\u0103 \u00een perioada 21-23 august 2009 Festivalul Berii Edi\u0163ia a IV-a. Festivalul se va desf\u0103\u015fura pe perioada celor 3 zile de la sf\u00e2r\u015fitul s\u0103pt\u0103m\u00e2nii: vineri, s\u00e2mb\u0103t\u0103, duminic\u0103, \u015fi va consta \u00een:\u00a0 spectacol muzical, spectacol folcloric, dansuri moderne, disco-party \u00een aer liber, concursuri recreativ-sportive Vor [&hellip;]<\/p>\n","protected":false},"author":1001008,"featured_media":0,"comment_status":"open","ping_status":"open","sticky":false,"template":"","format":"standard","meta":{"ngg_post_thumbnail":0,"footnotes":""},"categories":[3],"tags":[49,50],"class_list":["post-395","post","type-post","status-publish","format-standard","hentry","category-comunicate-de-presa","tag-festivalul-berii","tag-spectacol-muzical"],"_links":{"self":[{"href":"https:\/\/primariarovinari.ro\/old\/wp-json\/wp\/v2\/posts\/395","targetHints":{"allow":["GET"]}}],"collection":[{"href":"https:\/\/primariarovinari.ro\/old\/wp-json\/wp\/v2\/posts"}],"about":[{"href":"https:\/\/primariarovinari.ro\/old\/wp-json\/wp\/v2\/types\/post"}],"author":[{"embeddable":true,"href":"https:\/\/primariarovinari.ro\/old\/wp-json\/wp\/v2\/users\/1001008"}],"replies":[{"embeddable":true,"href":"https:\/\/primariarovinari.ro\/old\/wp-json\/wp\/v2\/comments?post=395"}],"version-history":[{"count":0,"href":"https:\/\/primariarovinari.ro\/old\/wp-json\/wp\/v2\/posts\/395\/revisions"}],"wp:attachment":[{"href":"https:\/\/primariarovinari.ro\/old\/wp-json\/wp\/v2\/media?parent=395"}],"wp:term":[{"taxonomy":"category","embeddable":true,"href":"https:\/\/primariarovinari.ro\/old\/wp-json\/wp\/v2\/categories?post=395"},{"taxonomy":"post_tag","embeddable":true,"href":"https:\/\/primariarovinari.ro\/old\/wp-json\/wp\/v2\/tags?post=395"}],"curies":[{"name":"wp","href":"https:\/\/api.w.org\/{rel}","templated":true}]}}