{"id":3947,"date":"2011-12-06T14:09:32","date_gmt":"2011-12-06T12:09:32","guid":{"rendered":"http:\/\/www.primariarovinari.ro\/?p=3947"},"modified":"2011-12-06T14:17:32","modified_gmt":"2011-12-06T12:17:32","slug":"festivalul-national-al-sanselor-tale-rovinari-2011","status":"publish","type":"post","link":"https:\/\/primariarovinari.ro\/old\/2011\/12\/festivalul-national-al-sanselor-tale-rovinari-2011\/","title":{"rendered":"Festivalul Na\u0163ional al \u015eanselor Tale &#8211; Rovinari 2011"},"content":{"rendered":"<p style=\"text-align: justify;\"><a href=\"http:\/\/www.primariarovinari.ro\/wp-content\/uploads\/2011\/12\/GSI-Rovinari.jpg\"><img loading=\"lazy\" decoding=\"async\" class=\"alignright size-medium wp-image-3948\" style=\"margin-top: 3px; margin-bottom: 3px;\" title=\"GSI Rovinari\" src=\"http:\/\/www.primariarovinari.ro\/wp-content\/uploads\/2011\/12\/GSI-Rovinari-300x168.jpg\" alt=\"\" width=\"300\" height=\"168\" srcset=\"https:\/\/primariarovinari.ro\/old\/wp-content\/uploads\/2011\/12\/GSI-Rovinari-300x168.jpg 300w, https:\/\/primariarovinari.ro\/old\/wp-content\/uploads\/2011\/12\/GSI-Rovinari.jpg 1024w\" sizes=\"auto, (max-width: 300px) 100vw, 300px\" \/><\/a>\u00cen pragul s\u0103rb\u0103torilor de iarn\u0103, \u00een\u00a0 s\u0103pt\u0103m\u00e2na 5-11 decembrie, la Colegiul \u201eGheorghe T\u0103t\u0103rescu\u201d din Rovinari se desf\u0103\u015foar\u0103 \u201eFESTIVALUL NA\u0162IONAL AL \u015eANSELOR TALE\u201d a c\u0103rui semnifica\u0163ie este dat\u0103 de denumirea\u00a0 acestui an &#8211; Anul European al Voluntariatului. Aceast\u0103 s\u0103pt\u0103m\u00e2n\u0103 va fi marcat\u0103 de activit\u0103\u0163i \u00een\u00a0 colaborare cu institu\u0163ii de cultur\u0103 cum ar fi Muzeul Jude\u0163ean, \u201eCentrul de Educa\u0163ie Incluziv\u0103 &#8211; Tg-Jiu\u201d \u015fi alte ac\u0163iuni educative, culturale \u015fi sportive la nivelul unit\u0103\u0163ii \u015fcolare.<\/p>\n<p style=\"text-align: justify;\">Festivalul debuteaz\u0103 \u00een 6 decembrie cu\u00a0 activitatea \u201eViolen\u0163a \u00een \u015fcoal\u0103. Fii inteligent, nu fii violent!\u201d care are ca obiectiv reducerea violen\u0163ei \u00een \u015fcoal\u0103, aceast\u0103 ac\u0163iune \u00eencadr\u00e2ndu-se \u00eentr-o suit\u0103 de alte activit\u0103\u0163i desf\u0103\u015furate pe tema violen\u0163ei de la \u00eenceputul anului \u015fcolar \u015fi p\u00e2n\u0103 acum. Ziua de 7 decembrie este marcat\u0103 de dou\u0103 activit\u0103\u0163i: una sportiv\u0103 \u2013\u201eS\u0103n\u0103tate de la joc la fitness\u201d care urm\u0103re\u015fte dezvoltare armonioas\u0103 a organismului fiec\u0103rui elev \u015fi una pentru protec\u0163ia mediului \u201eNatura ne apar\u0163ine. Noi \u00eei apar\u0163inem!\u201d care dore\u015fte con\u015ftientizarea nevoii de protec\u0163ie a mediului \u00eenconjur\u0103tor.<\/p>\n<p style=\"text-align: justify;\"><!--more-->Urm\u0103toarea zi a festivalului &#8211; 8 decembrie cuprinde dezbaterea \u201eRom\u00e2nia: trecut, prezent \u015fi viitor\u201d care are ca scop descoperirea importan\u0163ei cunoa\u015fterii valorilor democra\u0163iei, precum \u015fi a importan\u0163ei analizei \u015fi interpret\u0103rii\u00a0 faptelor istorice, iar urm\u0103toarea activitate este \u201eColinde pentru tine\u201d care se desf\u0103\u015foar\u0103 \u00een parteneriat cu \u201eCentrul \u015ecolar de Educa\u0163ie Incluziv\u0103 &#8211; Tg-Jiu\u201d, \u00een cadrul unui program de Strategie Na\u0163ional\u0103 de Ac\u0163iune Comunitar\u0103, care vizeaz\u0103 comunicarea \u015fi socializarea\u00a0 cu elevi ai centrului.<\/p>\n<p style=\"text-align: justify;\">Penultima zi a festivalului marcat\u0103 \u00een \u015fcoal\u0103 cuprinde 3 activit\u0103\u0163i:<br \/>\n&#8211; dezbaterea \u201eCapcanele marketingului sau marketingul \u00eentre interes \u015fi moralitate\u201d care are ca scop familiarizarea elevilor cu dilemele etice ale pie\u0163ei, c\u00e2t \u015fi formarea capacit\u0103\u0163ii de analiz\u0103 a pie\u0163ei;<br \/>\n&#8211; dezbatere \u015fi prezentare de imagini sub denumirea \u201eMuzeul de \u015etiin\u0163\u0103 \u015fi tehnic\u0103 o loca\u0163ie alternativ\u0103 pentru desf\u0103\u015furarea orelor de \u015ftiin\u0163e\u201d;<br \/>\n&#8211; prezentare de referate \u015fi de carte \u2013 \u201eTravesti\u201d de Mircea C\u0103rt\u0103rescu.<\/p>\n<p style=\"text-align: justify;\">Ultima activitate care se \u00eenscrie \u00een programul de ac\u0163iuni al colegiului nostru va fi o excursie gratuit\u0103 \u00een data de 10 decembrie, acordat\u0103 unui num\u0103r de optzeci de elevi din colegiu, pentru vizitarea Muzeului Jude\u0163ean Gorj \u201eAlexandru \u015etefulescu\u201d din T\u00e2rgu Jiu, a Casei Memoriale \u201eEcaterina Teodoroiu\u201d \u015fi a Muzeului Arhitecturii Populare din Gorj de la Curti\u015foara.<\/p>\n<p style=\"text-align: justify;\">Toate aceste activit\u0103\u0163i urm\u0103resc formarea unui cet\u0103\u0163ean informat \u015fi activ \u00een societatea \u00een care tr\u0103ie\u015fte, dornic s\u0103-\u015fi l\u0103rgeasc\u0103 orizontul prin o mai bun\u0103 corelare a no\u0163iunilor \u00eenv\u0103\u0163ate \u00een \u015fcoal\u0103 cu practica.<\/p>\nngg_shortcode_0_placeholder\n","protected":false},"excerpt":{"rendered":"<p>\u00cen pragul s\u0103rb\u0103torilor de iarn\u0103, \u00een\u00a0 s\u0103pt\u0103m\u00e2na 5-11 decembrie, la Colegiul \u201eGheorghe T\u0103t\u0103rescu\u201d din Rovinari se desf\u0103\u015foar\u0103 \u201eFESTIVALUL NA\u0162IONAL AL \u015eANSELOR TALE\u201d a c\u0103rui semnifica\u0163ie este dat\u0103 de denumirea\u00a0 acestui an &#8211; Anul European al Voluntariatului. Aceast\u0103 s\u0103pt\u0103m\u00e2n\u0103 va fi marcat\u0103 de activit\u0103\u0163i \u00een\u00a0 colaborare cu institu\u0163ii de cultur\u0103 cum ar fi Muzeul Jude\u0163ean, \u201eCentrul [&hellip;]<\/p>\n","protected":false},"author":1001008,"featured_media":0,"comment_status":"open","ping_status":"open","sticky":false,"template":"","format":"standard","meta":{"ngg_post_thumbnail":0,"footnotes":""},"categories":[13],"tags":[387,388],"class_list":["post-3947","post","type-post","status-publish","format-standard","hentry","category-invatamant","tag-festivalul","tag-sanselor-tale"],"_links":{"self":[{"href":"https:\/\/primariarovinari.ro\/old\/wp-json\/wp\/v2\/posts\/3947","targetHints":{"allow":["GET"]}}],"collection":[{"href":"https:\/\/primariarovinari.ro\/old\/wp-json\/wp\/v2\/posts"}],"about":[{"href":"https:\/\/primariarovinari.ro\/old\/wp-json\/wp\/v2\/types\/post"}],"author":[{"embeddable":true,"href":"https:\/\/primariarovinari.ro\/old\/wp-json\/wp\/v2\/users\/1001008"}],"replies":[{"embeddable":true,"href":"https:\/\/primariarovinari.ro\/old\/wp-json\/wp\/v2\/comments?post=3947"}],"version-history":[{"count":0,"href":"https:\/\/primariarovinari.ro\/old\/wp-json\/wp\/v2\/posts\/3947\/revisions"}],"wp:attachment":[{"href":"https:\/\/primariarovinari.ro\/old\/wp-json\/wp\/v2\/media?parent=3947"}],"wp:term":[{"taxonomy":"category","embeddable":true,"href":"https:\/\/primariarovinari.ro\/old\/wp-json\/wp\/v2\/categories?post=3947"},{"taxonomy":"post_tag","embeddable":true,"href":"https:\/\/primariarovinari.ro\/old\/wp-json\/wp\/v2\/tags?post=3947"}],"curies":[{"name":"wp","href":"https:\/\/api.w.org\/{rel}","templated":true}]}}