{"id":3901,"date":"2011-12-02T12:26:58","date_gmt":"2011-12-02T10:26:58","guid":{"rendered":"http:\/\/www.primariarovinari.ro\/?p=3901"},"modified":"2011-12-02T17:12:12","modified_gmt":"2011-12-02T15:12:12","slug":"programul-manifestarilor-prilejuite-cu-ocazia-zilei-nationale-a-romaniei","status":"publish","type":"post","link":"https:\/\/primariarovinari.ro\/old\/2011\/12\/programul-manifestarilor-prilejuite-cu-ocazia-zilei-nationale-a-romaniei\/","title":{"rendered":"Ziua Na\u0163ional\u0103 a Rom\u00e2niei s\u0103rb\u0103torit\u0103 \u015fi la Rovinari"},"content":{"rendered":"<p style=\"text-align: justify;\"><a href=\"http:\/\/www.youtube.com\/watch?v=yIu8nr87dUQ&amp;hd=1\" target=\"_blank\"><img loading=\"lazy\" decoding=\"async\" class=\"alignright size-medium wp-image-3925\" style=\"margin-top: 5px; margin-bottom: 5px;\" title=\"ziua nationala si iluminat sarbatori iarna rovinari (2)\" src=\"http:\/\/www.primariarovinari.ro\/wp-content\/uploads\/2011\/11\/ziua-nationala-si-iluminat-sarbatori-iarna-rovinari-2-300x168.jpg\" alt=\"\" width=\"300\" height=\"168\" srcset=\"https:\/\/primariarovinari.ro\/old\/wp-content\/uploads\/2011\/11\/ziua-nationala-si-iluminat-sarbatori-iarna-rovinari-2-300x168.jpg 300w, https:\/\/primariarovinari.ro\/old\/wp-content\/uploads\/2011\/11\/ziua-nationala-si-iluminat-sarbatori-iarna-rovinari-2.jpg 1024w\" sizes=\"auto, (max-width: 300px) 100vw, 300px\" \/><\/a>Prim\u0103ria \u015fi Consiliul Local Rovinari \u00eempreun\u0103 cu Casa de Cultur\u0103 \u015fi Biblioteca Rovinari, au organizat anul acesta un program special cu ocazia \u00eemplinirii celor 93 de ani de la Marea Unire \u00eenf\u0103ptuit\u0103 la Alba Iulia.<\/p>\n<p style=\"text-align: justify;\">Primarul ora\u015fului Rovinari \u2013 Dorin Filip, a depus o coroan\u0103 de flori (din partea Prim\u0103riei \u015fi Consiliului Local Rovinari) la troi\u0163a din curtea Catedralei Sf. Constantin \u015fi Elena, unde s-a \u0163inut \u015fi un moment de reculegere. O alt\u0103 coroan\u0103 de flori (a Prim\u0103riei \u015fi Consiliului Local Rovinari) a fost depus\u0103 la Alba Iulia de consilierul local Ovidiu Argintaru \u015fi cei 25 de elevi din clasa a IV-a (ai \u015ecolii Generale Nr. 1 Rovinari) condu\u015fi de Adriana Argintaru.<\/p>\n<p style=\"text-align: justify;\"><!--more-->Manifestarea de 1 Decembrie, a avut loc pe Bulevardul Minerilor, acolo unde s-a intonat imnul de stat, urmat de discursul primarului Dorin Filip \u015fi o slujb\u0103 religioas\u0103. Cei prezen\u0163i au avut parte de sarmale, \u0163uic\u0103 fiart\u0103, fasole cu ciolan, vin dar \u015fi un program folcloric oferit de sec\u0163iile externe ale Palatului Copiilor \u015fi \u015ecolii Populare de Art\u0103.<\/p>\n<p style=\"text-align: justify;\">Tot de Ziua Na\u0163ional\u0103, a fost pornit \u015fi iluminatul din perioada s\u0103rb\u0103torilor de iarn\u0103. Cei care au fost prezen\u0163i la bradul amplasat pe platoul Casei de Cultur\u0103, au ascultat colindele c\u00e2ntate de elevii condu\u015fi de maestrul Burlan Grigore.<\/p>\nngg_shortcode_0_placeholder\nngg_shortcode_1_placeholder\n","protected":false},"excerpt":{"rendered":"<p>Prim\u0103ria \u015fi Consiliul Local Rovinari \u00eempreun\u0103 cu Casa de Cultur\u0103 \u015fi Biblioteca Rovinari, au organizat anul acesta un program special cu ocazia \u00eemplinirii celor 93 de ani de la Marea Unire \u00eenf\u0103ptuit\u0103 la Alba Iulia. Primarul ora\u015fului Rovinari \u2013 Dorin Filip, a depus o coroan\u0103 de flori (din partea Prim\u0103riei \u015fi Consiliului Local Rovinari) la [&hellip;]<\/p>\n","protected":false},"author":1001008,"featured_media":0,"comment_status":"open","ping_status":"open","sticky":false,"template":"","format":"standard","meta":{"ngg_post_thumbnail":0,"footnotes":""},"categories":[4],"tags":[81,384],"class_list":["post-3901","post","type-post","status-publish","format-standard","hentry","category-informatii-locale","tag-1-decembrie","tag-ziua-nationala-a-romaniei"],"_links":{"self":[{"href":"https:\/\/primariarovinari.ro\/old\/wp-json\/wp\/v2\/posts\/3901","targetHints":{"allow":["GET"]}}],"collection":[{"href":"https:\/\/primariarovinari.ro\/old\/wp-json\/wp\/v2\/posts"}],"about":[{"href":"https:\/\/primariarovinari.ro\/old\/wp-json\/wp\/v2\/types\/post"}],"author":[{"embeddable":true,"href":"https:\/\/primariarovinari.ro\/old\/wp-json\/wp\/v2\/users\/1001008"}],"replies":[{"embeddable":true,"href":"https:\/\/primariarovinari.ro\/old\/wp-json\/wp\/v2\/comments?post=3901"}],"version-history":[{"count":0,"href":"https:\/\/primariarovinari.ro\/old\/wp-json\/wp\/v2\/posts\/3901\/revisions"}],"wp:attachment":[{"href":"https:\/\/primariarovinari.ro\/old\/wp-json\/wp\/v2\/media?parent=3901"}],"wp:term":[{"taxonomy":"category","embeddable":true,"href":"https:\/\/primariarovinari.ro\/old\/wp-json\/wp\/v2\/categories?post=3901"},{"taxonomy":"post_tag","embeddable":true,"href":"https:\/\/primariarovinari.ro\/old\/wp-json\/wp\/v2\/tags?post=3901"}],"curies":[{"name":"wp","href":"https:\/\/api.w.org\/{rel}","templated":true}]}}