{"id":3881,"date":"2011-11-29T15:02:15","date_gmt":"2011-11-29T13:02:15","guid":{"rendered":"http:\/\/www.primariarovinari.ro\/?p=3881"},"modified":"2011-12-06T14:10:16","modified_gmt":"2011-12-06T12:10:16","slug":"dezvoltarea-capacitatii-de-actiune-a-asociatiei-oraselor-din-romania-prin-imbunatatirea-eficacitatii-organizationale-proprii-si-a-membrilor","status":"publish","type":"post","link":"https:\/\/primariarovinari.ro\/old\/2011\/11\/dezvoltarea-capacitatii-de-actiune-a-asociatiei-oraselor-din-romania-prin-imbunatatirea-eficacitatii-organizationale-proprii-si-a-membrilor\/","title":{"rendered":"Dezvoltarea capacit\u0103\u0163ii de ac\u0163iune a Asocia\u0163iei Ora\u015felor din Rom\u00e2nia prin \u00eembun\u0103t\u0103\u0163irea eficacit\u0103\u0163ii organiza\u0163ionale proprii \u015fi a membrilor"},"content":{"rendered":"<p style=\"text-align: justify;\"><a href=\"http:\/\/www.youtube.com\/watch?v=kvHDHlYXDV4&amp;hd=1\" target=\"_blank\"><img loading=\"lazy\" decoding=\"async\" class=\"alignright size-medium wp-image-3885\" style=\"margin-top: 3px; margin-bottom: 3px;\" title=\"intalnire _AOR (3)\" src=\"http:\/\/www.primariarovinari.ro\/wp-content\/uploads\/2011\/11\/intalnire-_AOR-3-300x168.jpg\" alt=\"\" width=\"300\" height=\"168\" srcset=\"https:\/\/primariarovinari.ro\/old\/wp-content\/uploads\/2011\/11\/intalnire-_AOR-3-300x168.jpg 300w, https:\/\/primariarovinari.ro\/old\/wp-content\/uploads\/2011\/11\/intalnire-_AOR-3.jpg 1024w\" sizes=\"auto, (max-width: 300px) 100vw, 300px\" \/><\/a>Ieri, \u00een Sala de \u015eedin\u0163\u0103 a Consiliului Local Rovinari, s-a desf\u0103\u015furat \u00eent\u00e2lnirea prev\u0103zut\u0103 \u00een cadrul proiectului <em>Dezvoltarea capacit\u0103\u0163ii de ac\u0163iune a Asocia\u0163iei Ora\u015felor din Rom\u00e2nia prin \u00eembun\u0103t\u0103\u0163irea eficacit\u0103\u0163ii organiza\u0163ionale proprii \u015fi a membrilor<\/em>, finan\u0163at din Fondul Social European, Programul Opera\u021bional Dezvoltarea Capacit\u0103\u0163ii Administrative, \u00een perioada Octombrie 2009 &#8211; Decembrie 2011.<\/p>\n<p style=\"text-align: justify;\">La \u00eent\u00e2lnire au participat ale\u015fi locali, conduc\u0103torii compartimentelor \u015fi angaja\u0163i din cadrul prim\u0103riei, cet\u0103\u0163eni, reprezentan\u0163i ai agen\u0163ilor economici. Prin \u00eent\u00e2lnirea efectuat\u0103 s-a \u00eencercat realizarea unei diagnoze asupra nevoilor specifice de informare, consiliere \u015fi consultan\u0163\u0103 a locuitorilor din mediul urban din Rom\u00e2nia \u00een raport cu institu\u0163ia Prim\u0103riei.<\/p>\n<p style=\"text-align: justify;\"><!--more-->S-a vizat astfel identificarea imaginii institu\u0163ionale a Prim\u0103riei din perspectiva cet\u0103\u0163enilor, a oamenilor de afaceri \u015fi a persoanelor cheie la nivel local \u015fi elaborarea \u015fi implementarea unei strategii de rela\u0163ii publice al c\u0103rei accent va c\u0103dea asupra comunic\u0103rii cu cet\u0103\u0163enii din respectivele ora\u015fe.<\/p>\n<p style=\"text-align: justify;\">\u00cent\u00e2lnirea a fost prezidat\u0103 de primarul Dorin Filip \u015fi pre\u015fedintele executiv al AOR &#8211; Ionel Chiri\u0163\u0103.<\/p>\nngg_shortcode_0_placeholder\n","protected":false},"excerpt":{"rendered":"<p>Ieri, \u00een Sala de \u015eedin\u0163\u0103 a Consiliului Local Rovinari, s-a desf\u0103\u015furat \u00eent\u00e2lnirea prev\u0103zut\u0103 \u00een cadrul proiectului Dezvoltarea capacit\u0103\u0163ii de ac\u0163iune a Asocia\u0163iei Ora\u015felor din Rom\u00e2nia prin \u00eembun\u0103t\u0103\u0163irea eficacit\u0103\u0163ii organiza\u0163ionale proprii \u015fi a membrilor, finan\u0163at din Fondul Social European, Programul Opera\u021bional Dezvoltarea Capacit\u0103\u0163ii Administrative, \u00een perioada Octombrie 2009 &#8211; Decembrie 2011. La \u00eent\u00e2lnire au participat ale\u015fi [&hellip;]<\/p>\n","protected":false},"author":1001008,"featured_media":0,"comment_status":"open","ping_status":"open","sticky":false,"template":"","format":"standard","meta":{"ngg_post_thumbnail":0,"footnotes":""},"categories":[4],"tags":[383,150,292],"class_list":["post-3881","post","type-post","status-publish","format-standard","hentry","category-informatii-locale","tag-aor","tag-intalnire","tag-proiect"],"_links":{"self":[{"href":"https:\/\/primariarovinari.ro\/old\/wp-json\/wp\/v2\/posts\/3881","targetHints":{"allow":["GET"]}}],"collection":[{"href":"https:\/\/primariarovinari.ro\/old\/wp-json\/wp\/v2\/posts"}],"about":[{"href":"https:\/\/primariarovinari.ro\/old\/wp-json\/wp\/v2\/types\/post"}],"author":[{"embeddable":true,"href":"https:\/\/primariarovinari.ro\/old\/wp-json\/wp\/v2\/users\/1001008"}],"replies":[{"embeddable":true,"href":"https:\/\/primariarovinari.ro\/old\/wp-json\/wp\/v2\/comments?post=3881"}],"version-history":[{"count":0,"href":"https:\/\/primariarovinari.ro\/old\/wp-json\/wp\/v2\/posts\/3881\/revisions"}],"wp:attachment":[{"href":"https:\/\/primariarovinari.ro\/old\/wp-json\/wp\/v2\/media?parent=3881"}],"wp:term":[{"taxonomy":"category","embeddable":true,"href":"https:\/\/primariarovinari.ro\/old\/wp-json\/wp\/v2\/categories?post=3881"},{"taxonomy":"post_tag","embeddable":true,"href":"https:\/\/primariarovinari.ro\/old\/wp-json\/wp\/v2\/tags?post=3881"}],"curies":[{"name":"wp","href":"https:\/\/api.w.org\/{rel}","templated":true}]}}