{"id":3858,"date":"2011-11-29T13:32:53","date_gmt":"2011-11-29T11:32:53","guid":{"rendered":"http:\/\/www.primariarovinari.ro\/?p=3858"},"modified":"2011-12-06T14:11:29","modified_gmt":"2011-12-06T12:11:29","slug":"seminar-organizat-impotriva-violentei-familiale","status":"publish","type":"post","link":"https:\/\/primariarovinari.ro\/old\/2011\/11\/seminar-organizat-impotriva-violentei-familiale\/","title":{"rendered":"Seminar organizat pentru combaterea violen\u0163ei familiale"},"content":{"rendered":"<p style=\"text-align: justify;\"><a href=\"http:\/\/www.primariarovinari.ro\/wp-content\/uploads\/2011\/11\/violenta-domestica-10.jpg\"><img loading=\"lazy\" decoding=\"async\" class=\"alignright size-medium wp-image-3859\" style=\"margin-top: 5px; margin-bottom: 5px;\" title=\"violenta domestica (10)\" src=\"http:\/\/www.primariarovinari.ro\/wp-content\/uploads\/2011\/11\/violenta-domestica-10-300x168.jpg\" alt=\"\" width=\"300\" height=\"168\" srcset=\"https:\/\/primariarovinari.ro\/old\/wp-content\/uploads\/2011\/11\/violenta-domestica-10-300x168.jpg 300w, https:\/\/primariarovinari.ro\/old\/wp-content\/uploads\/2011\/11\/violenta-domestica-10.jpg 1024w\" sizes=\"auto, (max-width: 300px) 100vw, 300px\" \/><\/a>Miercuri 23 noiembrie 2011, \u00een Sala de \u015eedin\u0163e a Consiliului Local Rovinari, s-a desf\u0103\u015furat Seminarul \u201eSpune nu violen\u0163ei \u00eempotriva femeilor\u201d organizat de Agen\u0163ia \u00cempreun\u0103.<\/p>\n<p style=\"text-align: justify;\">La eveniment au participat mai mul\u0163i reprezentan\u0163i de la institu\u0163iile din jude\u0163, printre care Inspectoratul Jude\u0163ean de Poli\u0163ie Gorj, reprezentantele femeilor din Lugoj (Simona Marinescu \u015fi Opri\u015f Gerlinde) Direc\u0163ia de Munc\u0103 \u015fi Protec\u0163ie Social\u0103 Gorj &#8211; Compartimentul Jude\u0163ean cu Atribu\u0163ii \u00een Combaterea Violen\u0163ei \u00een Familie, Prim\u0103ria \u015fi Consiliu Local Rovinari, femei domiciliate \u00een ora\u015ful Rovinari.<\/p>\n<p style=\"text-align: justify;\">Seminarul a reu\u015fit s\u0103 transmit\u0103 un mesaj de \u00eencurajare participantelor, mesaj care le \u00eendemn\u0103 s\u0103 nu tolereze sub nici o form\u0103 violen\u0163a familial\u0103 de orice tip. Evenimentul a fost implementat \u00een cadrul proiectului \u201cPromovarea intereselor femeilor minoritare pe agendele locale\u201d, finan\u0163at de Ambasada Regatului \u0162\u0103rilor de Jos.<\/p>\n<p style=\"text-align: justify;\"><!--more-->\u00cent\u00e2lnirea a oferit oportunitatea celor prezen\u0163i s\u0103 se cunoasc\u0103, s\u0103\u00a0 socializeze, pentru a pune bazele unor posibile colabor\u0103ri viitoare.<\/p>\n<p style=\"text-align: justify;\">Prim\u0103ria Rovinari este \u00eempotriva violen\u0163ei familiale.<\/p>\nngg_shortcode_0_placeholder\n","protected":false},"excerpt":{"rendered":"<p>Miercuri 23 noiembrie 2011, \u00een Sala de \u015eedin\u0163e a Consiliului Local Rovinari, s-a desf\u0103\u015furat Seminarul \u201eSpune nu violen\u0163ei \u00eempotriva femeilor\u201d organizat de Agen\u0163ia \u00cempreun\u0103. La eveniment au participat mai mul\u0163i reprezentan\u0163i de la institu\u0163iile din jude\u0163, printre care Inspectoratul Jude\u0163ean de Poli\u0163ie Gorj, reprezentantele femeilor din Lugoj (Simona Marinescu \u015fi Opri\u015f Gerlinde) Direc\u0163ia de Munc\u0103 [&hellip;]<\/p>\n","protected":false},"author":1001008,"featured_media":0,"comment_status":"open","ping_status":"open","sticky":false,"template":"","format":"standard","meta":{"ngg_post_thumbnail":0,"footnotes":""},"categories":[4],"tags":[380],"class_list":["post-3858","post","type-post","status-publish","format-standard","hentry","category-informatii-locale","tag-violenta-familiala"],"_links":{"self":[{"href":"https:\/\/primariarovinari.ro\/old\/wp-json\/wp\/v2\/posts\/3858","targetHints":{"allow":["GET"]}}],"collection":[{"href":"https:\/\/primariarovinari.ro\/old\/wp-json\/wp\/v2\/posts"}],"about":[{"href":"https:\/\/primariarovinari.ro\/old\/wp-json\/wp\/v2\/types\/post"}],"author":[{"embeddable":true,"href":"https:\/\/primariarovinari.ro\/old\/wp-json\/wp\/v2\/users\/1001008"}],"replies":[{"embeddable":true,"href":"https:\/\/primariarovinari.ro\/old\/wp-json\/wp\/v2\/comments?post=3858"}],"version-history":[{"count":0,"href":"https:\/\/primariarovinari.ro\/old\/wp-json\/wp\/v2\/posts\/3858\/revisions"}],"wp:attachment":[{"href":"https:\/\/primariarovinari.ro\/old\/wp-json\/wp\/v2\/media?parent=3858"}],"wp:term":[{"taxonomy":"category","embeddable":true,"href":"https:\/\/primariarovinari.ro\/old\/wp-json\/wp\/v2\/categories?post=3858"},{"taxonomy":"post_tag","embeddable":true,"href":"https:\/\/primariarovinari.ro\/old\/wp-json\/wp\/v2\/tags?post=3858"}],"curies":[{"name":"wp","href":"https:\/\/api.w.org\/{rel}","templated":true}]}}