{"id":384,"date":"2009-08-12T10:53:04","date_gmt":"2009-08-12T08:53:04","guid":{"rendered":"http:\/\/www.primariarovinari.ro\/?p=384"},"modified":"2011-08-24T09:18:29","modified_gmt":"2011-08-24T07:18:29","slug":"384","status":"publish","type":"post","link":"https:\/\/primariarovinari.ro\/old\/2009\/08\/384\/","title":{"rendered":"Campanie de sterilizare a c\u00e2inilor comunitari"},"content":{"rendered":"<p style=\"text-align: justify;\"><span style=\"font-family: arial,helvetica,sans-serif;\"><a href=\"http:\/\/www.primariarovinari.ro\/wp-content\/uploads\/2010\/03\/p2.jpg\"><img loading=\"lazy\" decoding=\"async\" class=\"alignright size-full wp-image-386\" style=\"margin-top: 5px; margin-bottom: 5px;\" title=\"p2\" src=\"http:\/\/www.primariarovinari.ro\/wp-content\/uploads\/2010\/03\/p2.jpg\" alt=\"\" width=\"275\" height=\"206\" srcset=\"https:\/\/primariarovinari.ro\/old\/wp-content\/uploads\/2010\/03\/p2.jpg 800w, https:\/\/primariarovinari.ro\/old\/wp-content\/uploads\/2010\/03\/p2-300x225.jpg 300w\" sizes=\"auto, (max-width: 275px) 100vw, 275px\" \/><\/a>Luni 10  august 2009 \u00een Ora\u015ful Rovinari a revenit clinica mobil\u0103 a \u201eFunda\u0163iei  pentru protec\u0163ia c\u00e2inilor comunitari\u201d. Aceast\u0103 funda\u0163ie dispune de  personal calificat \u015fi, prin ac\u0163iunea mai sus men\u0163ionat\u0103, are ca scop  sterilizarea c\u00e2inilor f\u0103r\u0103 st\u0103p\u00e2n de pe raza ora\u015fului nostru precum \u015fi  din Cariera Ro\u015fia \u015fi Complexul Energetic Rovinari, consider\u00e2ndu-se c\u0103  majoritatea maidanezilor sunt abandona\u0163i \u00een aceste zone, dup\u0103 care  migreaz\u0103 \u00een ora\u015f \u00een c\u0103utarea hranei. <\/span>De  trei ani de  c\u00e2nd Funda\u0163ia pentru protec\u0163ia c\u00e2inilor comunitari ne  viziteaz\u0103 s-au  sterilizat aproximativ 700 de c\u00e2ini comunitari. Clinica  mobil\u0103 este  amplasat\u0103 pe Strada Prieteniei vis-a-vis de fostul D.S.C.  (l\u00e2ng\u0103  farmacie) \u015fi a\u015fteapt\u0103 to\u0163i cet\u0103\u0163enii ora\u015fului Rovinari<span style=\"font-family: arial,helvetica,sans-serif;\"> iubitori  \u015fi de\u0163in\u0103tori de c\u00e2ini s\u0103 vin\u0103 cu c\u00e2inii personali precum \u015fi cu cei din  jurul blocurilor de<\/span><span style=\"font-family: arial,helvetica,sans-serif;\"> locuin\u0163e pentru a-i steriliza. Pra<\/span><span style=\"font-family: arial,helvetica,sans-serif;\">ctic aceast\u0103 sterilizare const\u0103 \u00een  castrarea \u015fi crotalierea acestora (aplica<\/span><span style=\"font-family: arial,helvetica,sans-serif;\">rea unui cercel cu serial \u00een ureche).<\/span><\/p>\n<div style=\"text-align: justify;\">\n<p><span style=\"font-family: arial,helvetica,sans-serif;\"> <a href=\"http:\/\/www.primariarovinari.ro\/wp-content\/uploads\/2010\/03\/p1.jpg\"><!--more--><img loading=\"lazy\" decoding=\"async\" class=\"alignleft size-full wp-image-385\" title=\"p1\" src=\"http:\/\/www.primariarovinari.ro\/wp-content\/uploads\/2010\/03\/p1.jpg\" alt=\"\" width=\"275\" height=\"206\" srcset=\"https:\/\/primariarovinari.ro\/old\/wp-content\/uploads\/2010\/03\/p1.jpg 800w, https:\/\/primariarovinari.ro\/old\/wp-content\/uploads\/2010\/03\/p1-300x225.jpg 300w\" sizes=\"auto, (max-width: 275px) 100vw, 275px\" \/><\/a>Caravana funda\u0163iei va sta \u00een  Rovinari p\u00e2n\u0103 vineri 21 august \u015fi reprezentan\u0163ii funda\u0163iei sper\u0103 ca  rovin\u0103renii s\u0103 fie receptivi la aceast\u0103 ac\u0163iune de sterilizare a c\u00e2inil<\/span><span style=\"font-family: arial,helvetica,sans-serif;\">or comunitari.<\/span><\/p>\n<p><span style=\"font-family: arial,helvetica,sans-serif;\"> Av\u00e2nd \u00een vedere c\u0103 num\u0103rul mare  de c\u00e2ini comunitari existe<\/span><span style=\"font-family: arial,helvetica,sans-serif;\">n\u0163i pe raza ora\u015fului nostru a devenit o  problem\u0103 serioas\u0103, primarul ora\u015fului Rovinari roag\u0103 to\u0163i de\u0163in\u0103torii de  c\u00e2ini s\u0103 se prezinte la medicii veterinari cu c\u00e2inii \u00een vederea  vaccin\u0103rii antirabice, steriliz\u0103rii \u015fi m<\/span><span style=\"font-family: arial,helvetica,sans-serif;\">ar<\/span> <span style=\"font-family: arial,helvetica,sans-serif;\">c\u0103rii (dup\u0103 caz).<\/span><\/p>\n<\/div>\n<blockquote style=\"text-align: justify;\"><p><span style=\"font-family: arial,helvetica,sans-serif;\">Printre bene<\/span><span style=\"font-family: arial,helvetica,sans-serif;\">ficiil<\/span><span style=\"font-family: arial,helvetica,sans-serif;\">e steriliz\u0103rii amintim:<\/span><br \/>\n<span style=\"font-family: arial,helvetica,sans-serif;\">+ Stopa<\/span><span style=\"font-family: arial,helvetica,sans-serif;\">rea \u00eenmul\u0163irii c\u00e2inilor;<\/span><br \/>\n<span style=\"font-family: arial,helvetica,sans-serif;\">+ Sc\u0103derea num\u0103rului c\u00e2inilor;<\/span><br \/>\n<span style=\"font-family: arial,helvetica,sans-serif;\">+ Sc\u0103derea agresivit\u0103\u0163ii c\u00e2inilor;<\/span><br \/>\n<span style=\"font-family: arial,helvetica,sans-serif;\">+ Reducerea transmiterii bolilor \u00een  r\u00e2ndul c\u00e2inilor.<\/span><\/p><\/blockquote>\n<p style=\"text-align: center;\">Ac\u0163iunea se  desf\u0103\u015foar\u0103 sub sloganul &#8222;Fiecare c\u00e2ine merit\u0103 un st\u0103p\u00e2n !&#8221;<\/p>\n","protected":false},"excerpt":{"rendered":"<p>Luni 10 august 2009 \u00een Ora\u015ful Rovinari a revenit clinica mobil\u0103 a \u201eFunda\u0163iei pentru protec\u0163ia c\u00e2inilor comunitari\u201d. Aceast\u0103 funda\u0163ie dispune de personal calificat \u015fi, prin ac\u0163iunea mai sus men\u0163ionat\u0103, are ca scop sterilizarea c\u00e2inilor f\u0103r\u0103 st\u0103p\u00e2n de pe raza ora\u015fului nostru precum \u015fi din Cariera Ro\u015fia \u015fi Complexul Energetic Rovinari, consider\u00e2ndu-se c\u0103 majoritatea maidanezilor sunt [&hellip;]<\/p>\n","protected":false},"author":1001008,"featured_media":0,"comment_status":"open","ping_status":"open","sticky":false,"template":"","format":"standard","meta":{"ngg_post_thumbnail":0,"footnotes":""},"categories":[4],"tags":[48,47],"class_list":["post-384","post","type-post","status-publish","format-standard","hentry","category-informatii-locale","tag-caini-comunitari","tag-sterilizare"],"_links":{"self":[{"href":"https:\/\/primariarovinari.ro\/old\/wp-json\/wp\/v2\/posts\/384","targetHints":{"allow":["GET"]}}],"collection":[{"href":"https:\/\/primariarovinari.ro\/old\/wp-json\/wp\/v2\/posts"}],"about":[{"href":"https:\/\/primariarovinari.ro\/old\/wp-json\/wp\/v2\/types\/post"}],"author":[{"embeddable":true,"href":"https:\/\/primariarovinari.ro\/old\/wp-json\/wp\/v2\/users\/1001008"}],"replies":[{"embeddable":true,"href":"https:\/\/primariarovinari.ro\/old\/wp-json\/wp\/v2\/comments?post=384"}],"version-history":[{"count":0,"href":"https:\/\/primariarovinari.ro\/old\/wp-json\/wp\/v2\/posts\/384\/revisions"}],"wp:attachment":[{"href":"https:\/\/primariarovinari.ro\/old\/wp-json\/wp\/v2\/media?parent=384"}],"wp:term":[{"taxonomy":"category","embeddable":true,"href":"https:\/\/primariarovinari.ro\/old\/wp-json\/wp\/v2\/categories?post=384"},{"taxonomy":"post_tag","embeddable":true,"href":"https:\/\/primariarovinari.ro\/old\/wp-json\/wp\/v2\/tags?post=384"}],"curies":[{"name":"wp","href":"https:\/\/api.w.org\/{rel}","templated":true}]}}