{"id":3814,"date":"2011-11-07T15:26:24","date_gmt":"2011-11-07T13:26:24","guid":{"rendered":"http:\/\/www.primariarovinari.ro\/?p=3814"},"modified":"2011-11-09T15:28:03","modified_gmt":"2011-11-09T13:28:03","slug":"sala-de-sport-de-pe-bulevardul-minerilor-inaugurata-printr-o-gala-de-box","status":"publish","type":"post","link":"https:\/\/primariarovinari.ro\/old\/2011\/11\/sala-de-sport-de-pe-bulevardul-minerilor-inaugurata-printr-o-gala-de-box\/","title":{"rendered":"Sala de sport de pe Bulevardul Minerilor inaugurat\u0103 printr-o gal\u0103 de box"},"content":{"rendered":"<p style=\"text-align: justify;\"><a href=\"http:\/\/www.youtube.com\/watch?v=ZxhRIFX2UvE&amp;hd=1\" target=\"_blank\"><img loading=\"lazy\" decoding=\"async\" class=\"alignright size-medium wp-image-3817\" title=\"gala de box rovinari (35)\" src=\"http:\/\/www.primariarovinari.ro\/wp-content\/uploads\/2011\/11\/gala-de-box-rovinari-35-300x168.jpg\" alt=\"\" width=\"300\" height=\"168\" srcset=\"https:\/\/primariarovinari.ro\/old\/wp-content\/uploads\/2011\/11\/gala-de-box-rovinari-35-300x168.jpg 300w, https:\/\/primariarovinari.ro\/old\/wp-content\/uploads\/2011\/11\/gala-de-box-rovinari-35.jpg 1024w\" sizes=\"auto, (max-width: 300px) 100vw, 300px\" \/><\/a>Prim\u0103ria Rovinari a dorit s\u0103 inaugureze sala de sport construit\u0103 pe Bulevardul Minerilor, organiz\u00e2nd o gal\u0103 regional\u0103 de box, la care au participat cluburi sportive cu tradi\u0163ie \u00een boxul din regiune.<\/p>\n<p style=\"text-align: justify;\">Gala regional\u0103 de box \u201eMemorialul Titu Folcu\u0163i\u201d a fost organizat\u0103 \u00een memoria celui care a fost Titu Folcu\u0163i, un om dedicat sportului, dar mai ales boxului, \u00een timpul c\u00e2t a fost vicepre\u015fedintele Asocia\u0163iei Jude\u0163ene de Box.<\/p>\n<p style=\"text-align: justify;\">Sec\u0163ia de box a C.S. Jiul Rovinari s-a prezentat la aceast\u0103 gal\u0103 cu 8 sportivi (7 b\u0103ie\u0163i \u015fi o fat\u0103). \u015ease dintre elevii antrena\u0163i de maestrul Nicu Marius au reu\u015fit s\u0103 se impun\u0103 \u00een fa\u0163a adversarilor pe care i-au \u00eent\u00e2lnit, iar doi au pierdut.<\/p>\n<p style=\"text-align: justify;\"><!--more-->Revenind la sala de sport mai trebuie spus c\u0103 este realizat\u0103 cu fonduri guvernamentale de la Compania Na\u0163ional\u0103 de Investi\u0163ii, prin programul \u201eConstruc\u0163ii S\u0103li de Sport\u201d, are o suprafa\u0163\u0103 de peste 3300 mp, teren de handbal \u015fi 153 de locuri \u00een gradene. Suprafa\u0163a de sport are structura, finisajul, marcajele \u015fi util\u0103rile specifice sporturilor \u00een tem\u0103, pardoseala din covor turnat bistrat. Suprafa\u0163a de joc maxim\u0103 a terenului de handbal este de 40 m x 20 m \u015fi permite practicarea sporturilor cu mingea (handbal, baschet, volei) \u015fi a celor cu racheta (tenis).<\/p>\n<p style=\"text-align: justify;\"><a href=\"http:\/\/www.youtube.com\/watch?v=YpLcurEcpJY&amp;hd=1\" target=\"_blank\"><img loading=\"lazy\" decoding=\"async\" class=\"size-medium wp-image-3827 alignleft\" style=\"margin-top: 3px; margin-bottom: 3px;\" title=\"gala de box rovinari (11)\" src=\"http:\/\/www.primariarovinari.ro\/wp-content\/uploads\/2011\/11\/gala-de-box-rovinari-11-300x168.jpg\" alt=\"\" width=\"300\" height=\"168\" srcset=\"https:\/\/primariarovinari.ro\/old\/wp-content\/uploads\/2011\/11\/gala-de-box-rovinari-11-300x168.jpg 300w, https:\/\/primariarovinari.ro\/old\/wp-content\/uploads\/2011\/11\/gala-de-box-rovinari-11.jpg 1024w\" sizes=\"auto, (max-width: 300px) 100vw, 300px\" \/><\/a>Accesul la teren al sportivilor este \u00een zona median\u0103, direct din vestiare. Publicul are accesul separat la gradenele fixe (3 module) dispuse de la nivelul terenului. Sala de sport este construit\u0103 la standarde europene, av\u00e2nd o suprafa\u0163\u0103 interioar\u0103 delimitat\u0103 astfel 46 m x 26,96 m respectiv 1240,16 mp. Sala mai este prev\u0103zut\u0103 cu c\u00e2te 2 vestiare sportivi\/sexe (tip de vestiar comun f\u0103r\u0103 dulapuri), grupuri sanitare dimensionate pe vestiare (2 WC + 2 lavoare + 2 du\u015furi), un grup sanitar pentru persoanele cu handicap (1 WC + 1 du\u015f). Din cele 153 de locuri pentru spectatori, 2 locuri sunt pentru spectatorii cu handicap motor.<\/p>\n<p style=\"text-align: justify;\"><strong>Mai multe poze, dar \u015fi toate meciurile sportivilor no\u015ftri g\u0103si\u0163i pe conturile Prim\u0103riei Rovinari de pe facebook, respectiv youtube.<\/strong><\/p>\n<p style=\"text-align: justify;\">ngg_shortcode_0_placeholder<\/p>\n","protected":false},"excerpt":{"rendered":"<p>Prim\u0103ria Rovinari a dorit s\u0103 inaugureze sala de sport construit\u0103 pe Bulevardul Minerilor, organiz\u00e2nd o gal\u0103 regional\u0103 de box, la care au participat cluburi sportive cu tradi\u0163ie \u00een boxul din regiune. Gala regional\u0103 de box \u201eMemorialul Titu Folcu\u0163i\u201d a fost organizat\u0103 \u00een memoria celui care a fost Titu Folcu\u0163i, un om dedicat sportului, dar mai [&hellip;]<\/p>\n","protected":false},"author":1001008,"featured_media":0,"comment_status":"open","ping_status":"open","sticky":false,"template":"","format":"standard","meta":{"ngg_post_thumbnail":0,"footnotes":""},"categories":[4],"tags":[376,194],"class_list":["post-3814","post","type-post","status-publish","format-standard","hentry","category-informatii-locale","tag-gala-de-box","tag-sala-de-sport"],"_links":{"self":[{"href":"https:\/\/primariarovinari.ro\/old\/wp-json\/wp\/v2\/posts\/3814","targetHints":{"allow":["GET"]}}],"collection":[{"href":"https:\/\/primariarovinari.ro\/old\/wp-json\/wp\/v2\/posts"}],"about":[{"href":"https:\/\/primariarovinari.ro\/old\/wp-json\/wp\/v2\/types\/post"}],"author":[{"embeddable":true,"href":"https:\/\/primariarovinari.ro\/old\/wp-json\/wp\/v2\/users\/1001008"}],"replies":[{"embeddable":true,"href":"https:\/\/primariarovinari.ro\/old\/wp-json\/wp\/v2\/comments?post=3814"}],"version-history":[{"count":0,"href":"https:\/\/primariarovinari.ro\/old\/wp-json\/wp\/v2\/posts\/3814\/revisions"}],"wp:attachment":[{"href":"https:\/\/primariarovinari.ro\/old\/wp-json\/wp\/v2\/media?parent=3814"}],"wp:term":[{"taxonomy":"category","embeddable":true,"href":"https:\/\/primariarovinari.ro\/old\/wp-json\/wp\/v2\/categories?post=3814"},{"taxonomy":"post_tag","embeddable":true,"href":"https:\/\/primariarovinari.ro\/old\/wp-json\/wp\/v2\/tags?post=3814"}],"curies":[{"name":"wp","href":"https:\/\/api.w.org\/{rel}","templated":true}]}}