{"id":3791,"date":"2011-11-02T09:05:43","date_gmt":"2011-11-02T07:05:43","guid":{"rendered":"http:\/\/www.primariarovinari.ro\/?p=3791"},"modified":"2011-11-02T09:13:49","modified_gmt":"2011-11-02T07:13:49","slug":"gala-regionala-de-box-memorialul-titu-folcuti-rovinari-05-11-2011","status":"publish","type":"post","link":"https:\/\/primariarovinari.ro\/old\/2011\/11\/gala-regionala-de-box-memorialul-titu-folcuti-rovinari-05-11-2011\/","title":{"rendered":"Gala Regional\u0103 de Box &#8222;Memorialul Titu Folcu\u0163i&#8221; -Rovinari &#8211; 05.11.2011"},"content":{"rendered":"<p style=\"text-align: justify;\"><a href=\"http:\/\/www.primariarovinari.ro\/wp-content\/uploads\/2011\/11\/afis_box_Rovinari.jpg\"><img loading=\"lazy\" decoding=\"async\" class=\"alignright size-medium wp-image-3794\" style=\"margin-top: 5px; margin-bottom: 5px;\" title=\"afis_box_Rovinari\" src=\"http:\/\/www.primariarovinari.ro\/wp-content\/uploads\/2011\/11\/afis_box_Rovinari-212x300.jpg\" alt=\"\" width=\"212\" height=\"300\" srcset=\"https:\/\/primariarovinari.ro\/old\/wp-content\/uploads\/2011\/11\/afis_box_Rovinari-212x300.jpg 212w, https:\/\/primariarovinari.ro\/old\/wp-content\/uploads\/2011\/11\/afis_box_Rovinari.jpg 445w\" sizes=\"auto, (max-width: 212px) 100vw, 212px\" \/><\/a>Prim\u0103ria \u015fi Consiliul Local Rovinari \u00eempreun\u0103 cu Sec\u0163ia de Box a Clubului Jiul Rovinari, organizeaz\u0103 s\u00e2mb\u0103t\u0103 5 noiembrie 2011 Gala Regional\u0103 de Box <em>&#8222;Memorialul Titu Folcu\u0163i&#8221;<\/em> cu \u00eencepere de la orele 16.00 \u00een Sala Polivalent\u0103 de pe Bulevardul Minerilor.<\/p>\n<p style=\"text-align: justify;\">Gala este organizat\u0103 \u00een memoria celui care a fost Titu Folcu\u0163i, om dedicat sportului, dar mai ales boxului, \u00een timpul c\u00e2t a fost vicepre\u015fedintele Asocia\u0163iei Jude\u0163ene de Box.<\/p>\n<p style=\"text-align: justify;\">Pe l\u00e2ng\u0103 Jiul Rovinari, vor mai participa: C.S.M. Craiova, C.F.R. Craiova, &#8222;U&#8221; Craiova, C.S. Drobeta Turnu Severin, C.S. Motru, C.S. Bumbe\u015fti Jiu, C.S. Turceni, C.S. \u0162\u00e2n\u0163\u0103reni, C.S. Pandurii Tg-Jiu, C.S.S. Hunedoara, C.S. Chimia Rm. V\u00e2lcea, C.S. M\u0103t\u0103sari.<\/p>\n<p style=\"text-align: justify;\">La memorial va fi prezent\u0103 familia Folcu\u0163i, urm\u00e2nd ca o mare parte din medalii, diplome \u015fi plachete s\u0103 fie decernate de membrii familiei.<\/p>\n<p style=\"text-align: left;\"><strong><!--more-->PROGRAM<\/strong><\/p>\n<p style=\"text-align: justify;\">08.00 &#8211; 10.00 sosirea participan\u0163ilor;<\/p>\n<p style=\"text-align: justify;\">11.00 c\u00e2ntarul \u015fi vizita medical\u0103;<\/p>\n<p style=\"text-align: justify;\">13.00 &#8211; 14.00 \u015fedin\u0163a tehnic\u0103;<\/p>\n<p style=\"text-align: justify;\">16.00 &#8211; Gala de Box <em>&#8222;Memorialul Titu Folcu\u0163i&#8221;<\/em>.<\/p>\n<p style=\"text-align: center;\"><span style=\"color: #0000ff;\"><strong>Intrarea va fi gratuit\u0103.<\/strong><\/span><\/p>\n","protected":false},"excerpt":{"rendered":"<p>Prim\u0103ria \u015fi Consiliul Local Rovinari \u00eempreun\u0103 cu Sec\u0163ia de Box a Clubului Jiul Rovinari, organizeaz\u0103 s\u00e2mb\u0103t\u0103 5 noiembrie 2011 Gala Regional\u0103 de Box &#8222;Memorialul Titu Folcu\u0163i&#8221; cu \u00eencepere de la orele 16.00 \u00een Sala Polivalent\u0103 de pe Bulevardul Minerilor. Gala este organizat\u0103 \u00een memoria celui care a fost Titu Folcu\u0163i, om dedicat sportului, dar mai [&hellip;]<\/p>\n","protected":false},"author":1001008,"featured_media":0,"comment_status":"open","ping_status":"open","sticky":false,"template":"","format":"standard","meta":{"ngg_post_thumbnail":0,"footnotes":""},"categories":[14],"tags":[103,374,375],"class_list":["post-3791","post","type-post","status-publish","format-standard","hentry","category-cs-jiul-rovinari","tag-box","tag-gala","tag-memorial"],"_links":{"self":[{"href":"https:\/\/primariarovinari.ro\/old\/wp-json\/wp\/v2\/posts\/3791","targetHints":{"allow":["GET"]}}],"collection":[{"href":"https:\/\/primariarovinari.ro\/old\/wp-json\/wp\/v2\/posts"}],"about":[{"href":"https:\/\/primariarovinari.ro\/old\/wp-json\/wp\/v2\/types\/post"}],"author":[{"embeddable":true,"href":"https:\/\/primariarovinari.ro\/old\/wp-json\/wp\/v2\/users\/1001008"}],"replies":[{"embeddable":true,"href":"https:\/\/primariarovinari.ro\/old\/wp-json\/wp\/v2\/comments?post=3791"}],"version-history":[{"count":0,"href":"https:\/\/primariarovinari.ro\/old\/wp-json\/wp\/v2\/posts\/3791\/revisions"}],"wp:attachment":[{"href":"https:\/\/primariarovinari.ro\/old\/wp-json\/wp\/v2\/media?parent=3791"}],"wp:term":[{"taxonomy":"category","embeddable":true,"href":"https:\/\/primariarovinari.ro\/old\/wp-json\/wp\/v2\/categories?post=3791"},{"taxonomy":"post_tag","embeddable":true,"href":"https:\/\/primariarovinari.ro\/old\/wp-json\/wp\/v2\/tags?post=3791"}],"curies":[{"name":"wp","href":"https:\/\/api.w.org\/{rel}","templated":true}]}}