{"id":3659,"date":"2011-10-04T11:21:34","date_gmt":"2011-10-04T09:21:34","guid":{"rendered":"http:\/\/www.primariarovinari.ro\/?p=3659"},"modified":"2013-12-16T12:50:45","modified_gmt":"2013-12-16T10:50:45","slug":"dorin-filip-nominalizat-primarul-anului-in-romania-pentru-anul-2011","status":"publish","type":"post","link":"https:\/\/primariarovinari.ro\/old\/2011\/10\/dorin-filip-nominalizat-primarul-anului-in-romania-pentru-anul-2011\/","title":{"rendered":"Dorin Filip nominalizat primarul anului \u00een Rom\u00e2nia, pentru anul 2011"},"content":{"rendered":"<p style=\"text-align: justify;\"><a href=\"http:\/\/www.youtube.com\/watch?v=k-QkWZOsOX4&amp;hd=1\" target=\"_blank\"><img loading=\"lazy\" decoding=\"async\" class=\"alignright size-medium wp-image-3660\" style=\"margin-top: 5px; margin-bottom: 5px;\" title=\"dorin filip primarul anului\" src=\"http:\/\/www.primariarovinari.ro\/wp-content\/uploads\/2011\/10\/dorin-filip-primarul-anului-300x168.jpg\" alt=\"\" width=\"300\" height=\"168\" srcset=\"https:\/\/primariarovinari.ro\/old\/wp-content\/uploads\/2011\/10\/dorin-filip-primarul-anului-300x168.jpg 300w, https:\/\/primariarovinari.ro\/old\/wp-content\/uploads\/2011\/10\/dorin-filip-primarul-anului.jpg 1024w\" sizes=\"auto, (max-width: 300px) 100vw, 300px\" \/><\/a>La sf\u00e2r\u015fitul s\u0103pt\u0103m\u00e2nii trecute, \u201eRevista Rom\u00e2n\u0103 de Administra\u0163ie Public\u0103 Local\u0103\u201d a organizat la Bucure\u015fti \u201eGala Administra\u0163ia Local\u0103 la \u00cen\u0103l\u0163ime\u201d. Primarul ora\u015fului Rovinari, Dorin Filip a fost nominalizat la trei sec\u0163iuni:<\/p>\n<p style=\"text-align: justify;\">&#8211; Primarul anului \u00een Rom\u00e2nia;<\/p>\n<p style=\"text-align: justify;\">&#8211; Cel mai bun primar de ora\u015f din Rom\u00e2nia;<\/p>\n<p style=\"text-align: justify;\">&#8211; Cel mai bun primar de ora\u015f din Regiunea Sud &#8211; Vest Oltenia.<\/p>\n<p style=\"text-align: justify;\"><span style=\"color: #ff0000;\"><a href=\"http:\/\/www.youtube.com\/watch?v=g2RiZr_wAKg&amp;hd=1&amp;t=2s\" target=\"_blank\">\u00cen urma evalu\u0103rii activit\u0103\u0163ii domniei sale \u015fi a proiectelor institu\u0163iei pe care o reprezint\u0103, Dorin Filip a ob\u0163inut locul II la Categoria \u201ePrimarul Anului \u00een Rom\u00e2nia\u201d, pentru anul 2011. Premiul const\u0103 \u00een suma de 15000 euro, pe care Dorin Filip o va investii \u00eentr-un p\u0103rcule\u0163 de joac\u0103, pentru copiii din ora\u015ful Rovinari.<\/a><\/span><\/p>\n<p style=\"text-align: justify;\"><!--more--><a href=\"http:\/\/www.youtube.com\/watch?v=e1aoBkuljYE&amp;hd=1\" target=\"_blank\">La decernarea premiilor a fost prezent viceprimarul Chivu Lauren\u0163iu care a ridicat premiul, primarul Dorin Filip prefer\u00e2nd s\u0103 fie prezent la aniversarea v\u00e2rstnicilor din Rovinari.<\/a><\/p>\n<p style=\"text-align: justify;\">Pentrua a vedea to\u0163i c\u00e2\u015ftig\u0103torii \u201eGalei Administra\u0163ia Local\u0103 la \u00cen\u0103l\u0163ime\u201d <a href=\"http:\/\/aplh.rrapl.ro\/?p=64\" target=\"_blank\"><strong>click aici<\/strong><\/a>.<br \/>\nngg_shortcode_0_placeholder<\/p>\n","protected":false},"excerpt":{"rendered":"<p>La sf\u00e2r\u015fitul s\u0103pt\u0103m\u00e2nii trecute, \u201eRevista Rom\u00e2n\u0103 de Administra\u0163ie Public\u0103 Local\u0103\u201d a organizat la Bucure\u015fti \u201eGala Administra\u0163ia Local\u0103 la \u00cen\u0103l\u0163ime\u201d. Primarul ora\u015fului Rovinari, Dorin Filip a fost nominalizat la trei sec\u0163iuni: &#8211; Primarul anului \u00een Rom\u00e2nia; &#8211; Cel mai bun primar de ora\u015f din Rom\u00e2nia; &#8211; Cel mai bun primar de ora\u015f din Regiunea Sud &#8211; [&hellip;]<\/p>\n","protected":false},"author":1001008,"featured_media":0,"comment_status":"open","ping_status":"open","sticky":false,"template":"","format":"standard","meta":{"ngg_post_thumbnail":0,"footnotes":""},"categories":[538],"tags":[],"class_list":["post-3659","post","type-post","status-publish","format-standard","hentry","category-premii"],"_links":{"self":[{"href":"https:\/\/primariarovinari.ro\/old\/wp-json\/wp\/v2\/posts\/3659","targetHints":{"allow":["GET"]}}],"collection":[{"href":"https:\/\/primariarovinari.ro\/old\/wp-json\/wp\/v2\/posts"}],"about":[{"href":"https:\/\/primariarovinari.ro\/old\/wp-json\/wp\/v2\/types\/post"}],"author":[{"embeddable":true,"href":"https:\/\/primariarovinari.ro\/old\/wp-json\/wp\/v2\/users\/1001008"}],"replies":[{"embeddable":true,"href":"https:\/\/primariarovinari.ro\/old\/wp-json\/wp\/v2\/comments?post=3659"}],"version-history":[{"count":0,"href":"https:\/\/primariarovinari.ro\/old\/wp-json\/wp\/v2\/posts\/3659\/revisions"}],"wp:attachment":[{"href":"https:\/\/primariarovinari.ro\/old\/wp-json\/wp\/v2\/media?parent=3659"}],"wp:term":[{"taxonomy":"category","embeddable":true,"href":"https:\/\/primariarovinari.ro\/old\/wp-json\/wp\/v2\/categories?post=3659"},{"taxonomy":"post_tag","embeddable":true,"href":"https:\/\/primariarovinari.ro\/old\/wp-json\/wp\/v2\/tags?post=3659"}],"curies":[{"name":"wp","href":"https:\/\/api.w.org\/{rel}","templated":true}]}}