{"id":3648,"date":"2011-10-04T08:57:29","date_gmt":"2011-10-04T06:57:29","guid":{"rendered":"http:\/\/www.primariarovinari.ro\/?p=3648"},"modified":"2011-10-04T08:57:37","modified_gmt":"2011-10-04T06:57:37","slug":"persoanele-varstnice-din-rovinari-si-au-aniversat-ziua","status":"publish","type":"post","link":"https:\/\/primariarovinari.ro\/old\/2011\/10\/persoanele-varstnice-din-rovinari-si-au-aniversat-ziua\/","title":{"rendered":"Persoanele v\u00e2rstnice din Rovinari \u015fi-au aniversat ziua"},"content":{"rendered":"<p style=\"text-align: justify;\"><a href=\"http:\/\/www.youtube.com\/watch?v=IreHcX3SMxM&amp;hd=1\" target=\"_blank\"><img loading=\"lazy\" decoding=\"async\" class=\"alignright size-medium wp-image-3649\" style=\"margin-top: 5px; margin-bottom: 5px;\" title=\"varstnici rovinari_filip\" src=\"http:\/\/www.primariarovinari.ro\/wp-content\/uploads\/2011\/10\/varstnici-rovinari_filip-300x168.jpg\" alt=\"\" width=\"300\" height=\"168\" srcset=\"https:\/\/primariarovinari.ro\/old\/wp-content\/uploads\/2011\/10\/varstnici-rovinari_filip-300x168.jpg 300w, https:\/\/primariarovinari.ro\/old\/wp-content\/uploads\/2011\/10\/varstnici-rovinari_filip.jpg 1024w\" sizes=\"auto, (max-width: 300px) 100vw, 300px\" \/><\/a>Duminic\u0103 2 octombrie anul curent, peste 250 de v\u00e2rstnici din Ora\u015ful Rovinari au aniversat Ziua Interna\u0163ional\u0103 a Persoanelor V\u00e2rstnice. Prim\u0103ria \u015fi Consiliul Local Rovinari \u00eempreun\u0103 cu Casa de Cultur\u0103 \u015fi Biblioteca Rovinari le-au oferit \u015fi \u00een acest an persoanelor v\u00e2rstnice un program dedicat v\u00e2rstei lor.<\/p>\n<p style=\"text-align: justify;\">Ace\u015ftia au avut parte de o mas\u0103 festiv\u0103 complet\u0103, un program de muzic\u0103 popular\u0103, concursuri de dans, dar \u015fi o tombol\u0103 \u00een cadrul c\u0103reia to\u0163i cei extra\u015fi au primit aparate electrice \u015fi electrocasnice precum: mixere, pr\u0103jitoare de p\u00e2ine, fiare de c\u0103lcat, ceasuri de perete chiar \u015fi dou\u0103 televizoare color, diplome \u015fi premii \u00een bani.<\/p>\n<p style=\"text-align: justify;\"><!--more-->Premiul de cel mai v\u00e2rstnic pensionar, i-a revenit unui localnic din V\u00eer\u0163, \u00een v\u00e2rst\u0103 de 93 de ani. Evenimentul a fost bine venit, pentru c\u0103 to\u0163i cei prezen\u0163i s-au sim\u0163it bine, au \u00eemp\u0103rt\u0103\u015fit impresii, amintiri.<br \/>\nngg_shortcode_0_placeholder<\/p>\n","protected":false},"excerpt":{"rendered":"<p>Duminic\u0103 2 octombrie anul curent, peste 250 de v\u00e2rstnici din Ora\u015ful Rovinari au aniversat Ziua Interna\u0163ional\u0103 a Persoanelor V\u00e2rstnice. Prim\u0103ria \u015fi Consiliul Local Rovinari \u00eempreun\u0103 cu Casa de Cultur\u0103 \u015fi Biblioteca Rovinari le-au oferit \u015fi \u00een acest an persoanelor v\u00e2rstnice un program dedicat v\u00e2rstei lor. Ace\u015ftia au avut parte de o mas\u0103 festiv\u0103 complet\u0103, un [&hellip;]<\/p>\n","protected":false},"author":1001008,"featured_media":0,"comment_status":"open","ping_status":"open","sticky":false,"template":"","format":"standard","meta":{"ngg_post_thumbnail":0,"footnotes":""},"categories":[4],"tags":[369,64],"class_list":["post-3648","post","type-post","status-publish","format-standard","hentry","category-informatii-locale","tag-pensionari","tag-varstnici"],"_links":{"self":[{"href":"https:\/\/primariarovinari.ro\/old\/wp-json\/wp\/v2\/posts\/3648","targetHints":{"allow":["GET"]}}],"collection":[{"href":"https:\/\/primariarovinari.ro\/old\/wp-json\/wp\/v2\/posts"}],"about":[{"href":"https:\/\/primariarovinari.ro\/old\/wp-json\/wp\/v2\/types\/post"}],"author":[{"embeddable":true,"href":"https:\/\/primariarovinari.ro\/old\/wp-json\/wp\/v2\/users\/1001008"}],"replies":[{"embeddable":true,"href":"https:\/\/primariarovinari.ro\/old\/wp-json\/wp\/v2\/comments?post=3648"}],"version-history":[{"count":0,"href":"https:\/\/primariarovinari.ro\/old\/wp-json\/wp\/v2\/posts\/3648\/revisions"}],"wp:attachment":[{"href":"https:\/\/primariarovinari.ro\/old\/wp-json\/wp\/v2\/media?parent=3648"}],"wp:term":[{"taxonomy":"category","embeddable":true,"href":"https:\/\/primariarovinari.ro\/old\/wp-json\/wp\/v2\/categories?post=3648"},{"taxonomy":"post_tag","embeddable":true,"href":"https:\/\/primariarovinari.ro\/old\/wp-json\/wp\/v2\/tags?post=3648"}],"curies":[{"name":"wp","href":"https:\/\/api.w.org\/{rel}","templated":true}]}}