{"id":3598,"date":"2011-09-27T10:14:02","date_gmt":"2011-09-27T08:14:02","guid":{"rendered":"http:\/\/www.primariarovinari.ro\/?p=3598"},"modified":"2011-09-27T10:20:04","modified_gmt":"2011-09-27T08:20:04","slug":"ziua-persoanelor-varstnice-va-fi-aniversata-duminica-2-octombrie-2011","status":"publish","type":"post","link":"https:\/\/primariarovinari.ro\/old\/2011\/09\/ziua-persoanelor-varstnice-va-fi-aniversata-duminica-2-octombrie-2011\/","title":{"rendered":"&#8222;Ziua Persoanelor V\u00e2rstnice&#8221; va fi aniversat\u0103 duminic\u0103 2 octombrie 2011"},"content":{"rendered":"<p style=\"text-align: justify;\"><a href=\"http:\/\/www.primariarovinari.ro\/wp-content\/uploads\/2011\/09\/zi-varstnici-rovinari.jpg\"><img loading=\"lazy\" decoding=\"async\" class=\"alignright size-medium wp-image-3606\" title=\"zi varstnici rovinari\" src=\"http:\/\/www.primariarovinari.ro\/wp-content\/uploads\/2011\/09\/zi-varstnici-rovinari-300x225.jpg\" alt=\"\" width=\"300\" height=\"225\" srcset=\"https:\/\/primariarovinari.ro\/old\/wp-content\/uploads\/2011\/09\/zi-varstnici-rovinari-300x225.jpg 300w, https:\/\/primariarovinari.ro\/old\/wp-content\/uploads\/2011\/09\/zi-varstnici-rovinari.jpg 1024w\" sizes=\"auto, (max-width: 300px) 100vw, 300px\" \/><\/a>Consiliul Local \u015fi Prim\u0103ria Rovinari \u00eempreun\u0103 cu Casa de Cultur\u0103 \u015fi Biblioteca Rovinari organizeaz\u0103 duminic\u0103 2 octombrie 2011 &#8222;Ziua Interna\u0163ional\u0103 a Persoanelor V\u00e2rstnice&#8221;.<\/p>\n<p style=\"text-align: justify;\">Sunt a\u015fteptate s\u0103 participe persoanele cu v\u00e2rsta de peste 60 de ani domiciliate \u00een Rovinari.<\/p>\n<p style=\"text-align: justify;\">Invita\u0163iile pot fi ridicate de la sediul Prim\u0103riei Rovinari \u00een baza c\u0103r\u0163ii de identitate \u00een perioada 28 &#8211; 30 septembrie 2011, \u00eentre orele 10.00 &#8211; 14.00. Invita\u0163ia este valabil\u0103 pentru o singur\u0103 persoan\u0103.<\/p>\n<p style=\"text-align: justify;\">Manifestarea va \u00eencepe la orele 12.00, iar invita\u0163ii vor avea parte de multe surprize din partea organizatorilor.<\/p>\n","protected":false},"excerpt":{"rendered":"<p>Consiliul Local \u015fi Prim\u0103ria Rovinari \u00eempreun\u0103 cu Casa de Cultur\u0103 \u015fi Biblioteca Rovinari organizeaz\u0103 duminic\u0103 2 octombrie 2011 &#8222;Ziua Interna\u0163ional\u0103 a Persoanelor V\u00e2rstnice&#8221;. Sunt a\u015fteptate s\u0103 participe persoanele cu v\u00e2rsta de peste 60 de ani domiciliate \u00een Rovinari. Invita\u0163iile pot fi ridicate de la sediul Prim\u0103riei Rovinari \u00een baza c\u0103r\u0163ii de identitate \u00een perioada 28 [&hellip;]<\/p>\n","protected":false},"author":1001008,"featured_media":0,"comment_status":"open","ping_status":"open","sticky":false,"template":"","format":"standard","meta":{"ngg_post_thumbnail":0,"footnotes":""},"categories":[9],"tags":[369,368],"class_list":["post-3598","post","type-post","status-publish","format-standard","hentry","category-anunturi","tag-pensionari","tag-persoane-varstnice"],"_links":{"self":[{"href":"https:\/\/primariarovinari.ro\/old\/wp-json\/wp\/v2\/posts\/3598","targetHints":{"allow":["GET"]}}],"collection":[{"href":"https:\/\/primariarovinari.ro\/old\/wp-json\/wp\/v2\/posts"}],"about":[{"href":"https:\/\/primariarovinari.ro\/old\/wp-json\/wp\/v2\/types\/post"}],"author":[{"embeddable":true,"href":"https:\/\/primariarovinari.ro\/old\/wp-json\/wp\/v2\/users\/1001008"}],"replies":[{"embeddable":true,"href":"https:\/\/primariarovinari.ro\/old\/wp-json\/wp\/v2\/comments?post=3598"}],"version-history":[{"count":0,"href":"https:\/\/primariarovinari.ro\/old\/wp-json\/wp\/v2\/posts\/3598\/revisions"}],"wp:attachment":[{"href":"https:\/\/primariarovinari.ro\/old\/wp-json\/wp\/v2\/media?parent=3598"}],"wp:term":[{"taxonomy":"category","embeddable":true,"href":"https:\/\/primariarovinari.ro\/old\/wp-json\/wp\/v2\/categories?post=3598"},{"taxonomy":"post_tag","embeddable":true,"href":"https:\/\/primariarovinari.ro\/old\/wp-json\/wp\/v2\/tags?post=3598"}],"curies":[{"name":"wp","href":"https:\/\/api.w.org\/{rel}","templated":true}]}}