{"id":357,"date":"2009-07-02T09:14:15","date_gmt":"2009-07-02T07:14:15","guid":{"rendered":"http:\/\/www.primariarovinari.ro\/?p=357"},"modified":"2010-03-23T08:23:30","modified_gmt":"2010-03-23T06:23:30","slug":"rovinari-orasul-investitiilor","status":"publish","type":"post","link":"https:\/\/primariarovinari.ro\/old\/2009\/07\/rovinari-orasul-investitiilor\/","title":{"rendered":"Rovinari &#8211; ora\u015ful investi\u0163iilor"},"content":{"rendered":"<div style=\"text-align: justify;\"><span style=\"font-family: arial,helvetica,sans-serif;\"><a href=\"http:\/\/www.primariarovinari.ro\/wp-content\/uploads\/2010\/03\/gsi.jpg\"><img loading=\"lazy\" decoding=\"async\" class=\"alignright size-full wp-image-358\" title=\"gsi\" src=\"http:\/\/www.primariarovinari.ro\/wp-content\/uploads\/2010\/03\/gsi.jpg\" alt=\"\" width=\"275\" height=\"206\" srcset=\"https:\/\/primariarovinari.ro\/old\/wp-content\/uploads\/2010\/03\/gsi.jpg 1024w, https:\/\/primariarovinari.ro\/old\/wp-content\/uploads\/2010\/03\/gsi-300x225.jpg 300w\" sizes=\"auto, (max-width: 275px) 100vw, 275px\" \/><\/a>Ora\u015ful  Rovinari a cunoscut o real\u0103 schimbare \u00een ultimii ani. \u00cen prezent se  continu\u0103 transform\u0103rile, cu accent pe dezvoltarea nivelului economic,  social \u015fi de infrastructur\u0103.<\/span><\/div>\n<div style=\"text-align: justify;\"><span style=\"font-family: arial,helvetica,sans-serif;\"> <\/span><\/div>\n<div style=\"text-align: justify;\"><span style=\"font-family: arial,helvetica,sans-serif;\">\u00cen anul 2007 au fost finalizate mai  multe investi\u0163ii de interes local: a fost dat \u00een folosin\u0163\u0103 \u015ftrandul  or\u0103\u015fenesc, cu o suprafa\u0163\u0103 de 4.500 mp, au fost date \u00een folosin\u0163\u0103 dou\u0103  blocuri ANL, a fost construit\u0103 o pia\u0163\u0103 agroalimentar\u0103 la standarde  europene \u015fi a fost finalizat\u0103 o baz\u0103 sportiv\u0103 cu gazon sintetic.<\/span><\/div>\n<div style=\"text-align: justify;\"><span style=\"font-family: arial,helvetica,sans-serif;\"> <\/span><\/div>\n<div style=\"text-align: justify;\"><span style=\"font-family: arial,helvetica,sans-serif;\">\u00cen anul 2008 \u00een  ora\u015ful Rovinari s-au continuat investi\u0163iile \u00een infrastructur\u0103 precum \u015fi  \u00een alte domenii de interes local ridicat. Unele dintre acestea au fost  finalizate \u00een cursul anului 2008, iar altele \u00een cursul acestui an. S-au  reabilitat urm\u0103toarele \u015fcoli \u015fi gradini\u0163e toate din fonduri provenite de  la Ministerul Educa\u0163iei, Cercet\u0103rii \u015fi Renov\u0103rii.<\/span><\/div>\n<div style=\"text-align: justify;\"><span style=\"font-family: arial,helvetica,sans-serif;\"> <\/span><!--more--><span style=\"font-family: arial,helvetica,sans-serif;\"><a href=\"http:\/\/www.primariarovinari.ro\/wp-content\/uploads\/2010\/07\/Scoala-generala-nr-1.jpg\"><img loading=\"lazy\" decoding=\"async\" class=\"alignleft size-full wp-image-361\" title=\"Scoala generala nr 1\" src=\"http:\/\/www.primariarovinari.ro\/wp-content\/uploads\/2010\/07\/Scoala-generala-nr-1.jpg\" alt=\"\" width=\"275\" height=\"206\" srcset=\"https:\/\/primariarovinari.ro\/old\/wp-content\/uploads\/2010\/07\/Scoala-generala-nr-1.jpg 1024w, https:\/\/primariarovinari.ro\/old\/wp-content\/uploads\/2010\/07\/Scoala-generala-nr-1-300x225.jpg 300w\" sizes=\"auto, (max-width: 275px) 100vw, 275px\" \/><\/a>S-a  reabilitat \u015ecoala General\u0103 Nr. 3 care a constat \u00een: desfacerea  pardoselilor\u00a0 deteriorate \u015fi \u00eenlocuirea acestora cu parchet melaminat de  8 mm trafic intens \u015fi lambriuri la pere\u0163ii din s\u0103lile de clase.<\/span><\/div>\n<div style=\"text-align: justify;\">\n<ul>\n<li><span style=\"font-family: arial,helvetica,sans-serif;\">Reabilitarea \u015ecolii Generale Nr.  1unde s-au montat lambriuri la pere\u0163i \u015fi zugr\u0103veli lavabile.<\/span><\/li>\n<li><span style=\"font-family: arial,helvetica,sans-serif;\">Reabilitarea Grupului \u015ecolar  Industrial \u015fi a Campusului \u015ecolar, zugr\u0103veli pe casa sc\u0103rii la elevi,  termosistem la cl\u0103direa \u015fcoal\u0103. La cl\u0103direa fostului internat \u015fcolar s-a  pus gresie \u015fi faian\u0163\u0103, parchet s-au schimbat u\u015file. S-a aplicat un strat  de mixtur\u0103 asfaltic\u0103 pe suprafa\u0163\u0103 sportiv\u0103 \u015fi \u00eemprejmuirea compusului  \u015fcolar.<\/span><\/li>\n<li><span style=\"font-family: arial,helvetica,sans-serif;\">S-au  reabilitat str\u0103zile Termocentralei, Tineretului, Aleea \u015ecolii \u015fi 22  Decembrie 1989. La str\u0103zile Termocentralei, Tineretului \u015fi Aleea \u015ecolii  s-a aplicat covor asfaltic \u015fi s-au ridicat c\u0103mine de canalizare, iar la  Strada 22 Decembrie s-a mai efectuat \u00een plus fa\u0163\u0103 de celelalte zona  pietonal\u0103 cu pavele. Reabilitarea Gr\u0103dini\u0163ei Nr. 4 care a constat \u00een  zugraveli interioare \u015fi exterioare, refacerea grupurilor sanitare cu  gresie, faian\u0163\u0103.<\/span><\/li>\n<li><span style=\"font-family: arial,helvetica,sans-serif;\">Construirea  unui sistem de colectare selectiv\u0103 \u015fi valorificare a de\u015feurilor la  standarde europene din fonduri Phare. Darea \u00een folosin\u0163\u0103 a celui de-al  treilea bloc ANL compus din 38 de apartamente cu 2 camere.<\/span><\/li>\n<li><span style=\"font-family: arial,helvetica,sans-serif;\">Reabilitarea blocului C1 care a  constat \u00een zugr\u0103veli interioare \u015fi exterioare, \u00eenlocuirea ferestrelor  vechi cu ferestre termopan, parchet, \u015fi dotarea acestui bloc cu o  central\u0103 termic\u0103.<\/span><\/li>\n<li><span style=\"font-family: arial,helvetica,sans-serif;\">Construirea  pe Bulevardul Minerilor a unui imobil de locuin\u0163e colective cu 3 etaje  respectiv 12 apartamente, cu spa\u0163ii comerciale la parter, bloc f\u0103cut din  fonduri proprii \u015fi construit la standarde europene \u00een sistem Amvic.  Finalizarea Capelei V\u00e2r\u0163.<\/span><\/li>\n<li><span style=\"font-family: arial,helvetica,sans-serif;\">\u00cen acest an <\/span><span style=\"font-family: arial,helvetica,sans-serif;\">s-au \u00eenceput lucr\u0103rile pentru  construirea stadionului or\u0103\u015fenesc a primei faze 1 A care const\u0103 \u00een  efectuarea terenului de joc, efectuarea cursivei inferioare \u015fi  \u00eemprejmuirea stadioului.<\/span><\/li>\n<\/ul>\n<\/div>\n<div style=\"text-align: justify;\"><span style=\"font-family: arial,helvetica,sans-serif;\"> Urmeaz\u0103 ca p\u00e2n\u0103 la finalul acestui  an a se realiza alte investi\u0163ii de infrastructur\u0103 public\u0103 urban\u0103 \u015fi  social\u0103. <\/span><\/div>\n","protected":false},"excerpt":{"rendered":"<p>Ora\u015ful Rovinari a cunoscut o real\u0103 schimbare \u00een ultimii ani. \u00cen prezent se continu\u0103 transform\u0103rile, cu accent pe dezvoltarea nivelului economic, social \u015fi de infrastructur\u0103. \u00cen anul 2007 au fost finalizate mai multe investi\u0163ii de interes local: a fost dat \u00een folosin\u0163\u0103 \u015ftrandul or\u0103\u015fenesc, cu o suprafa\u0163\u0103 de 4.500 mp, au fost date \u00een folosin\u0163\u0103 [&hellip;]<\/p>\n","protected":false},"author":1001008,"featured_media":0,"comment_status":"open","ping_status":"open","sticky":false,"template":"","format":"standard","meta":{"ngg_post_thumbnail":0,"footnotes":""},"categories":[8],"tags":[44,43,42],"class_list":["post-357","post","type-post","status-publish","format-standard","hentry","category-proiecte","tag-constructii","tag-investitii","tag-reabilitari"],"_links":{"self":[{"href":"https:\/\/primariarovinari.ro\/old\/wp-json\/wp\/v2\/posts\/357","targetHints":{"allow":["GET"]}}],"collection":[{"href":"https:\/\/primariarovinari.ro\/old\/wp-json\/wp\/v2\/posts"}],"about":[{"href":"https:\/\/primariarovinari.ro\/old\/wp-json\/wp\/v2\/types\/post"}],"author":[{"embeddable":true,"href":"https:\/\/primariarovinari.ro\/old\/wp-json\/wp\/v2\/users\/1001008"}],"replies":[{"embeddable":true,"href":"https:\/\/primariarovinari.ro\/old\/wp-json\/wp\/v2\/comments?post=357"}],"version-history":[{"count":0,"href":"https:\/\/primariarovinari.ro\/old\/wp-json\/wp\/v2\/posts\/357\/revisions"}],"wp:attachment":[{"href":"https:\/\/primariarovinari.ro\/old\/wp-json\/wp\/v2\/media?parent=357"}],"wp:term":[{"taxonomy":"category","embeddable":true,"href":"https:\/\/primariarovinari.ro\/old\/wp-json\/wp\/v2\/categories?post=357"},{"taxonomy":"post_tag","embeddable":true,"href":"https:\/\/primariarovinari.ro\/old\/wp-json\/wp\/v2\/tags?post=357"}],"curies":[{"name":"wp","href":"https:\/\/api.w.org\/{rel}","templated":true}]}}