{"id":3555,"date":"2011-09-26T10:38:39","date_gmt":"2011-09-26T08:38:39","guid":{"rendered":"http:\/\/www.primariarovinari.ro\/?p=3555"},"modified":"2011-09-26T12:23:08","modified_gmt":"2011-09-26T10:23:08","slug":"strategii-pentru-dezvoltarea-orasului-rovinari","status":"publish","type":"post","link":"https:\/\/primariarovinari.ro\/old\/2011\/09\/strategii-pentru-dezvoltarea-orasului-rovinari\/","title":{"rendered":"Strategii pentru dezvoltarea ora\u015fului Rovinari"},"content":{"rendered":"<p style=\"text-align: justify;\"><a href=\"http:\/\/www.youtube.com\/watch?v=pC4iEtJpJoI&amp;hd=1&amp;t=52s\" target=\"_blank\"><img loading=\"lazy\" decoding=\"async\" class=\"alignright size-medium wp-image-3556\" style=\"margin-top: 5px; margin-bottom: 5px;\" title=\"interviu dorin filip\" src=\"http:\/\/www.primariarovinari.ro\/wp-content\/uploads\/2011\/09\/interviu-dorin-filip-300x168.jpg\" alt=\"\" width=\"300\" height=\"168\" srcset=\"https:\/\/primariarovinari.ro\/old\/wp-content\/uploads\/2011\/09\/interviu-dorin-filip-300x168.jpg 300w, https:\/\/primariarovinari.ro\/old\/wp-content\/uploads\/2011\/09\/interviu-dorin-filip.jpg 1024w\" sizes=\"auto, (max-width: 300px) 100vw, 300px\" \/><\/a>Primarul Ora\u015fului Rovinari Dorin Filip, a participat vineri 23 septembrie la inaugurarea unei parc\u0103ri moderne din centrul ora\u015fului. Dup\u0103 ce a t\u0103iat panglica acestei parc\u0103ri, Dorin Filip a declarat c\u0103 parc\u0103ri de genul celei inaugurate se vor construi \u00een aproape toate zonele din ora\u015ful Rovinari.<\/p>\n<p style=\"text-align: justify;\">Acesta a vorbit \u015fi de strategia de dezvoltare a Rovinariului, care, dac\u0103, va fi realizat\u0103, va avea efecte benefice asupra \u00eentregului jude\u0163. Printre cele mai importante obiective strategice de dezvoltare se afl\u0103:<\/p>\n<p style=\"text-align: justify;\"><!--more-->1. Atragerea de investitori \u00een ora\u015ful Rovinari;<br \/>\n2. Amenajarea unor sere \u00een parteneriat public \u2013 privat (administra\u0163ie local\u0103 \u2013 Complexul Energetic Rovinari) care s\u0103 ofere locuri de munc\u0103 femeilor din zon\u0103;<br \/>\n3. Unirea tuturor for\u0163elor politice \u015fi a factorilor decizionali din jude\u0163 (indiferent de culoarea politic\u0103) pentru atragerea investitorilor str\u0103ini \u00een Gorj;<br \/>\n4. Construirea chiar a unui aeroport \u00een jude\u0163ul Gorj.<\/p>\n","protected":false},"excerpt":{"rendered":"<p>Primarul Ora\u015fului Rovinari Dorin Filip, a participat vineri 23 septembrie la inaugurarea unei parc\u0103ri moderne din centrul ora\u015fului. Dup\u0103 ce a t\u0103iat panglica acestei parc\u0103ri, Dorin Filip a declarat c\u0103 parc\u0103ri de genul celei inaugurate se vor construi \u00een aproape toate zonele din ora\u015ful Rovinari. Acesta a vorbit \u015fi de strategia de dezvoltare a Rovinariului, [&hellip;]<\/p>\n","protected":false},"author":1001008,"featured_media":0,"comment_status":"open","ping_status":"open","sticky":false,"template":"","format":"standard","meta":{"ngg_post_thumbnail":0,"footnotes":""},"categories":[8],"tags":[366],"class_list":["post-3555","post","type-post","status-publish","format-standard","hentry","category-proiecte","tag-strategii-de-dezvoltare"],"_links":{"self":[{"href":"https:\/\/primariarovinari.ro\/old\/wp-json\/wp\/v2\/posts\/3555","targetHints":{"allow":["GET"]}}],"collection":[{"href":"https:\/\/primariarovinari.ro\/old\/wp-json\/wp\/v2\/posts"}],"about":[{"href":"https:\/\/primariarovinari.ro\/old\/wp-json\/wp\/v2\/types\/post"}],"author":[{"embeddable":true,"href":"https:\/\/primariarovinari.ro\/old\/wp-json\/wp\/v2\/users\/1001008"}],"replies":[{"embeddable":true,"href":"https:\/\/primariarovinari.ro\/old\/wp-json\/wp\/v2\/comments?post=3555"}],"version-history":[{"count":0,"href":"https:\/\/primariarovinari.ro\/old\/wp-json\/wp\/v2\/posts\/3555\/revisions"}],"wp:attachment":[{"href":"https:\/\/primariarovinari.ro\/old\/wp-json\/wp\/v2\/media?parent=3555"}],"wp:term":[{"taxonomy":"category","embeddable":true,"href":"https:\/\/primariarovinari.ro\/old\/wp-json\/wp\/v2\/categories?post=3555"},{"taxonomy":"post_tag","embeddable":true,"href":"https:\/\/primariarovinari.ro\/old\/wp-json\/wp\/v2\/tags?post=3555"}],"curies":[{"name":"wp","href":"https:\/\/api.w.org\/{rel}","templated":true}]}}