{"id":3524,"date":"2011-09-13T13:21:25","date_gmt":"2011-09-13T11:21:25","guid":{"rendered":"http:\/\/www.primariarovinari.ro\/?p=3524"},"modified":"2011-09-22T09:38:13","modified_gmt":"2011-09-22T07:38:13","slug":"lets-do-it-romania-2011","status":"publish","type":"post","link":"https:\/\/primariarovinari.ro\/old\/2011\/09\/lets-do-it-romania-2011\/","title":{"rendered":"LET`S DO IT, ROMANIA ! 24 septembrie 2011"},"content":{"rendered":"<p style=\"text-align: justify;\"><a href=\"http:\/\/www.primariarovinari.ro\/wp-content\/uploads\/2011\/09\/Lets-Do-It-Romania-Visual-1-A3.jpg\"><img loading=\"lazy\" decoding=\"async\" class=\"alignright size-medium wp-image-3526\" title=\"Let's Do It Romania Visual 1 A3\" src=\"http:\/\/www.primariarovinari.ro\/wp-content\/uploads\/2011\/09\/Lets-Do-It-Romania-Visual-1-A3-211x300.jpg\" alt=\"\" width=\"211\" height=\"300\" srcset=\"https:\/\/primariarovinari.ro\/old\/wp-content\/uploads\/2011\/09\/Lets-Do-It-Romania-Visual-1-A3-211x300.jpg 211w, https:\/\/primariarovinari.ro\/old\/wp-content\/uploads\/2011\/09\/Lets-Do-It-Romania-Visual-1-A3.jpg 282w\" sizes=\"auto, (max-width: 211px) 100vw, 211px\" \/><\/a>Prim\u0103ria Rovinari se va implica \u015fi \u00een acest an \u00een Proiectul &#8222;Let`s Do It, Romania&#8221;. Campania ecologic\u0103 demarat\u0103 la nivel na\u0163ional are ca partener Ministerul Mediului \u015fi P\u0103durilor.<\/p>\n<p style=\"text-align: justify;\">Cel mai mare proiect de implementare social\u0103 din \u0163ar\u0103, &#8222;Let`s Do It, Romania&#8221;, va fi organizat din nou \u00een acest an pe data de 24 septembrie, dat\u0103 declarat\u0103 <em>&#8222;Zi de Cur\u0103\u0163enie Na\u0163ional\u0103&#8221;<\/em>.<\/p>\n<p style=\"text-align: justify;\">\u00cen anul 2010, ora\u015ful Rovinari s-a situat printre ora\u015fele cu cele mai bune rezultate din aceast\u0103 campanie, contribuind cu aproximativ 120 de voluntari de toate v\u00e2rstele, care au colectat circa 300 saci de de\u015feuri.<\/p>\n<p style=\"text-align: justify;\"><strong>Pentru ca ac\u0163iunea de salubritate a ora\u015fului nostru s\u0103-\u015fi ating\u0103 scopul dorit, v\u0103 invit\u0103m s\u0103 participa\u0163i al\u0103turi de noi (\u00eentr-un num\u0103r c\u00e2t mai mare) pe data de 24.09.2011, la campania de cur\u0103\u0163enie &#8222;Let`s Do It Romania&#8221;.<\/strong><\/p>\n<p style=\"text-align: justify;\"><em>Cei care vor s\u0103 se \u00eenscrie la aceast\u0103 campanie sunt a\u015ftepta\u0163i la sediul Prim\u0103riei Rovinari, p\u00e2n\u0103 pe data de 22.09.2011, orele 15.30 s\u0103 depun\u0103 cerere.<\/em><\/p>\n<p style=\"text-align: center;\"><span style=\"color: #ff0000;\"><em>\u00cent\u00e2lnirea va avea loc s\u00e2mb\u0103t\u0103 24 septembrie 2011, <\/em><em>\u00een fa\u0163a prim\u0103riei, <\/em><em>la ora 09.00.<\/em><\/span><\/p>\n","protected":false},"excerpt":{"rendered":"<p>Prim\u0103ria Rovinari se va implica \u015fi \u00een acest an \u00een Proiectul &#8222;Let`s Do It, Romania&#8221;. Campania ecologic\u0103 demarat\u0103 la nivel na\u0163ional are ca partener Ministerul Mediului \u015fi P\u0103durilor. Cel mai mare proiect de implementare social\u0103 din \u0163ar\u0103, &#8222;Let`s Do It, Romania&#8221;, va fi organizat din nou \u00een acest an pe data de 24 septembrie, dat\u0103 [&hellip;]<\/p>\n","protected":false},"author":1001008,"featured_media":0,"comment_status":"open","ping_status":"open","sticky":false,"template":"","format":"standard","meta":{"ngg_post_thumbnail":0,"footnotes":""},"categories":[9],"tags":[208,363],"class_list":["post-3524","post","type-post","status-publish","format-standard","hentry","category-anunturi","tag-ecologizare","tag-lets-do-it-romania"],"_links":{"self":[{"href":"https:\/\/primariarovinari.ro\/old\/wp-json\/wp\/v2\/posts\/3524","targetHints":{"allow":["GET"]}}],"collection":[{"href":"https:\/\/primariarovinari.ro\/old\/wp-json\/wp\/v2\/posts"}],"about":[{"href":"https:\/\/primariarovinari.ro\/old\/wp-json\/wp\/v2\/types\/post"}],"author":[{"embeddable":true,"href":"https:\/\/primariarovinari.ro\/old\/wp-json\/wp\/v2\/users\/1001008"}],"replies":[{"embeddable":true,"href":"https:\/\/primariarovinari.ro\/old\/wp-json\/wp\/v2\/comments?post=3524"}],"version-history":[{"count":0,"href":"https:\/\/primariarovinari.ro\/old\/wp-json\/wp\/v2\/posts\/3524\/revisions"}],"wp:attachment":[{"href":"https:\/\/primariarovinari.ro\/old\/wp-json\/wp\/v2\/media?parent=3524"}],"wp:term":[{"taxonomy":"category","embeddable":true,"href":"https:\/\/primariarovinari.ro\/old\/wp-json\/wp\/v2\/categories?post=3524"},{"taxonomy":"post_tag","embeddable":true,"href":"https:\/\/primariarovinari.ro\/old\/wp-json\/wp\/v2\/tags?post=3524"}],"curies":[{"name":"wp","href":"https:\/\/api.w.org\/{rel}","templated":true}]}}