{"id":3501,"date":"2011-09-13T11:32:21","date_gmt":"2011-09-13T09:32:21","guid":{"rendered":"http:\/\/www.primariarovinari.ro\/?p=3501"},"modified":"2011-09-13T11:38:14","modified_gmt":"2011-09-13T09:38:14","slug":"baza-sportiva-a-scolii-generale-nr-1-a-fost-inaugurata","status":"publish","type":"post","link":"https:\/\/primariarovinari.ro\/old\/2011\/09\/baza-sportiva-a-scolii-generale-nr-1-a-fost-inaugurata\/","title":{"rendered":"Baza sportiv\u0103 a \u015ecolii Generale Nr. 1 a fost inaugurat\u0103"},"content":{"rendered":"<p style=\"text-align: justify;\"><a href=\"http:\/\/www.youtube.com\/watch?v=bgROvbg2sis\" target=\"_blank\"><img loading=\"lazy\" decoding=\"async\" class=\"alignright size-medium wp-image-3502\" style=\"margin-top: 5px; margin-bottom: 5px;\" title=\"inaugurare baza sportiva rovinari\" src=\"http:\/\/www.primariarovinari.ro\/wp-content\/uploads\/2011\/09\/inaugurare-baza-sportiva-rovinari-300x168.jpg\" alt=\"\" width=\"300\" height=\"168\" srcset=\"https:\/\/primariarovinari.ro\/old\/wp-content\/uploads\/2011\/09\/inaugurare-baza-sportiva-rovinari-300x168.jpg 300w, https:\/\/primariarovinari.ro\/old\/wp-content\/uploads\/2011\/09\/inaugurare-baza-sportiva-rovinari.jpg 1024w\" sizes=\"auto, (max-width: 300px) 100vw, 300px\" \/><\/a>Odat\u0103 cu \u00eenceperea anului \u015fcolar 2011-2012 Prim\u0103ria Rovinari a decis s\u0103 inaugureze baza sportiv\u0103 construit\u0103 la \u015ecoala General\u0103 Nr. 1. La aceast\u0103 inaugurare au fost prezen\u0163i al\u0103turi de primarul \u015fi viceprimarul ora\u015fului Rovinari, \u015fi consilierii locali, Primii doi evolu\u00e2nd \u00een poarta celor dou\u0103 echipe. Printre invita\u0163ii speciali s-a num\u0103rat \u015fi prefectul Jude\u0163ului Gorj \u2013 Liviu Andrei.<\/p>\n<p style=\"text-align: justify;\">La \u015ecoala General\u0103 Nr. 1 din Rovinari a fost creat\u0103 o baz\u0103 sportiv\u0103 foarte modern\u0103 cu care nu se pot l\u0103uda multe \u015fcoli din \u0163ar\u0103. Baza dispune de un teren de fotbal, handbal, tenis, volei, baschet toate la standarde europene.<!--more--><\/p>\nngg_shortcode_0_placeholder\n","protected":false},"excerpt":{"rendered":"<p>Odat\u0103 cu \u00eenceperea anului \u015fcolar 2011-2012 Prim\u0103ria Rovinari a decis s\u0103 inaugureze baza sportiv\u0103 construit\u0103 la \u015ecoala General\u0103 Nr. 1. La aceast\u0103 inaugurare au fost prezen\u0163i al\u0103turi de primarul \u015fi viceprimarul ora\u015fului Rovinari, \u015fi consilierii locali, Primii doi evolu\u00e2nd \u00een poarta celor dou\u0103 echipe. Printre invita\u0163ii speciali s-a num\u0103rat \u015fi prefectul Jude\u0163ului Gorj \u2013 Liviu [&hellip;]<\/p>\n","protected":false},"author":1001008,"featured_media":0,"comment_status":"open","ping_status":"open","sticky":false,"template":"","format":"standard","meta":{"ngg_post_thumbnail":0,"footnotes":""},"categories":[357],"tags":[348],"class_list":["post-3501","post","type-post","status-publish","format-standard","hentry","category-investitii-2","tag-baza-sportiva"],"_links":{"self":[{"href":"https:\/\/primariarovinari.ro\/old\/wp-json\/wp\/v2\/posts\/3501","targetHints":{"allow":["GET"]}}],"collection":[{"href":"https:\/\/primariarovinari.ro\/old\/wp-json\/wp\/v2\/posts"}],"about":[{"href":"https:\/\/primariarovinari.ro\/old\/wp-json\/wp\/v2\/types\/post"}],"author":[{"embeddable":true,"href":"https:\/\/primariarovinari.ro\/old\/wp-json\/wp\/v2\/users\/1001008"}],"replies":[{"embeddable":true,"href":"https:\/\/primariarovinari.ro\/old\/wp-json\/wp\/v2\/comments?post=3501"}],"version-history":[{"count":0,"href":"https:\/\/primariarovinari.ro\/old\/wp-json\/wp\/v2\/posts\/3501\/revisions"}],"wp:attachment":[{"href":"https:\/\/primariarovinari.ro\/old\/wp-json\/wp\/v2\/media?parent=3501"}],"wp:term":[{"taxonomy":"category","embeddable":true,"href":"https:\/\/primariarovinari.ro\/old\/wp-json\/wp\/v2\/categories?post=3501"},{"taxonomy":"post_tag","embeddable":true,"href":"https:\/\/primariarovinari.ro\/old\/wp-json\/wp\/v2\/tags?post=3501"}],"curies":[{"name":"wp","href":"https:\/\/api.w.org\/{rel}","templated":true}]}}