{"id":3489,"date":"2011-09-13T10:37:23","date_gmt":"2011-09-13T08:37:23","guid":{"rendered":"http:\/\/www.primariarovinari.ro\/?p=3489"},"modified":"2011-09-29T10:21:27","modified_gmt":"2011-09-29T08:21:27","slug":"g-s-i-rovinari-redenumit-in-colegiul-%e2%80%9egheorghe-tatarascu%e2%80%9d","status":"publish","type":"post","link":"https:\/\/primariarovinari.ro\/old\/2011\/09\/g-s-i-rovinari-redenumit-in-colegiul-%e2%80%9egheorghe-tatarascu%e2%80%9d\/","title":{"rendered":"G.S.I. Rovinari redenumit Colegiul \u201eGheorghe T\u0103t\u0103rescu\u201d"},"content":{"rendered":"<p style=\"text-align: justify;\"><a href=\"http:\/\/www.youtube.com\/watch?v=CQxtrjrjnzI\" target=\"_blank\"><img loading=\"lazy\" decoding=\"async\" class=\"alignright size-medium wp-image-3491\" style=\"margin-top: 5px; margin-bottom: 5px;\" title=\"liceul rovinari\" src=\"http:\/\/www.primariarovinari.ro\/wp-content\/uploads\/2011\/09\/liceul-rovinari-300x168.jpg\" alt=\"\" width=\"300\" height=\"168\" srcset=\"https:\/\/primariarovinari.ro\/old\/wp-content\/uploads\/2011\/09\/liceul-rovinari-300x168.jpg 300w, https:\/\/primariarovinari.ro\/old\/wp-content\/uploads\/2011\/09\/liceul-rovinari.jpg 1024w\" sizes=\"auto, (max-width: 300px) 100vw, 300px\" \/><\/a>Grupul \u015ecolar Industrial Rovinari a \u00eenceput anul \u015fcolar 2011-2012 sub denumirea de Colegiul \u201eGheorghe T\u0103t\u0103rescu\u201d Rovinari. Conducerea liceului dore\u015fte ca odat\u0103 cu trecerea la denumirea de colegiu, s\u0103 se creeze o diversificare a profilelor \u015fi specializ\u0103rilor prin \u00eenfiin\u0163area \u015fi a altor profile &#8211; specializ\u0103ri pe l\u00e2ng\u0103 cele tehnico-industriale.<\/p>\n<p style=\"text-align: justify;\">Atribuind denumirea liceului Colegiul \u201eGheorghe T\u0103t\u0103rescu\u201d ora\u015ful Rovinari omagiaz\u0103 activitatea laborioas\u0103 a lui Gheorghe T\u0103t\u0103rescu (jurist, jurnalist, diplomat), care r\u0103m\u00e2ne al\u0103turi de so\u0163ia sa (Aritia), cea mai mare personalitate a locului.<\/p>\n<p style=\"text-align: justify;\"><!--more-->Efortul\u00a0 comun, depus de primarului Dorin Filip, consiliul local, consiliul profesoral, consiliul de administra\u0163ie al liceului sus\u0163inut de elevii \u015fi p\u0103rin\u0163ii liceului a dus la redenumirea G.S.I Rovinari \u00een Colegiul \u201eGheorghe T\u0103t\u0103rescu\u201d Rovinari.<\/p>\nngg_shortcode_0_placeholder\n","protected":false},"excerpt":{"rendered":"<p>Grupul \u015ecolar Industrial Rovinari a \u00eenceput anul \u015fcolar 2011-2012 sub denumirea de Colegiul \u201eGheorghe T\u0103t\u0103rescu\u201d Rovinari. Conducerea liceului dore\u015fte ca odat\u0103 cu trecerea la denumirea de colegiu, s\u0103 se creeze o diversificare a profilelor \u015fi specializ\u0103rilor prin \u00eenfiin\u0163area \u015fi a altor profile &#8211; specializ\u0103ri pe l\u00e2ng\u0103 cele tehnico-industriale. Atribuind denumirea liceului Colegiul \u201eGheorghe T\u0103t\u0103rescu\u201d ora\u015ful [&hellip;]<\/p>\n","protected":false},"author":1001008,"featured_media":0,"comment_status":"open","ping_status":"open","sticky":false,"template":"","format":"standard","meta":{"ngg_post_thumbnail":0,"footnotes":""},"categories":[13],"tags":[362],"class_list":["post-3489","post","type-post","status-publish","format-standard","hentry","category-invatamant","tag-liceu"],"_links":{"self":[{"href":"https:\/\/primariarovinari.ro\/old\/wp-json\/wp\/v2\/posts\/3489","targetHints":{"allow":["GET"]}}],"collection":[{"href":"https:\/\/primariarovinari.ro\/old\/wp-json\/wp\/v2\/posts"}],"about":[{"href":"https:\/\/primariarovinari.ro\/old\/wp-json\/wp\/v2\/types\/post"}],"author":[{"embeddable":true,"href":"https:\/\/primariarovinari.ro\/old\/wp-json\/wp\/v2\/users\/1001008"}],"replies":[{"embeddable":true,"href":"https:\/\/primariarovinari.ro\/old\/wp-json\/wp\/v2\/comments?post=3489"}],"version-history":[{"count":0,"href":"https:\/\/primariarovinari.ro\/old\/wp-json\/wp\/v2\/posts\/3489\/revisions"}],"wp:attachment":[{"href":"https:\/\/primariarovinari.ro\/old\/wp-json\/wp\/v2\/media?parent=3489"}],"wp:term":[{"taxonomy":"category","embeddable":true,"href":"https:\/\/primariarovinari.ro\/old\/wp-json\/wp\/v2\/categories?post=3489"},{"taxonomy":"post_tag","embeddable":true,"href":"https:\/\/primariarovinari.ro\/old\/wp-json\/wp\/v2\/tags?post=3489"}],"curies":[{"name":"wp","href":"https:\/\/api.w.org\/{rel}","templated":true}]}}