{"id":3478,"date":"2011-09-13T09:52:02","date_gmt":"2011-09-13T07:52:02","guid":{"rendered":"http:\/\/www.primariarovinari.ro\/?p=3478"},"modified":"2011-09-13T11:54:57","modified_gmt":"2011-09-13T09:54:57","slug":"scolarii-si-prescolarii-din-rovinari-au-inceput-scoala","status":"publish","type":"post","link":"https:\/\/primariarovinari.ro\/old\/2011\/09\/scolarii-si-prescolarii-din-rovinari-au-inceput-scoala\/","title":{"rendered":"\u015ecolarii \u015fi pre\u015fcolarii din Rovinari au \u00eenceput \u015fcoala"},"content":{"rendered":"<p style=\"text-align: justify;\"><a href=\"http:\/\/www.youtube.com\/watch?v=_TQNKpP0mMQ&amp;t=20s\" target=\"_blank\"><img loading=\"lazy\" decoding=\"async\" class=\"alignright size-medium wp-image-3479\" style=\"margin-top: 5px; margin-bottom: 5px;\" title=\"elevi rovinari\" src=\"http:\/\/www.primariarovinari.ro\/wp-content\/uploads\/2011\/09\/elevi-rovinari-300x168.jpg\" alt=\"\" width=\"300\" height=\"168\" srcset=\"https:\/\/primariarovinari.ro\/old\/wp-content\/uploads\/2011\/09\/elevi-rovinari-300x168.jpg 300w, https:\/\/primariarovinari.ro\/old\/wp-content\/uploads\/2011\/09\/elevi-rovinari.jpg 1024w\" sizes=\"auto, (max-width: 300px) 100vw, 300px\" \/><\/a>Ieri, \u00een ora\u015ful Rovinari au \u00eenceput \u015fcoala peste 2500 de \u015fcolari \u015fi pre\u015fcolari. La manifest\u0103rile prilejuite cu ocazia deschiderii anului \u015fcolar 2011-2012 au fost prezen\u0163i: primarul Dorin Filip, viceprimarul Chivu Lauren\u0163iu, \u015fi consilierii locali.<\/p>\n<p style=\"text-align: justify;\">Primarul ora\u015fului Rovinari i-a asigurat pe elevi, p\u0103rin\u0163i \u015fi profesori c\u0103 sunt \u00een sarcinile de serviciu ale prim\u0103riei \u015fi consiliului local crearea condi\u0163iilor optime de studiu pentru elevii rovin\u0103reni. Mai mult dec\u00e2t at\u00e2t, ace\u015ftia vor fi sprijini\u0163i de autorit\u0103\u0163ile locale ori de c\u00e2te ori vor avea nevoie.<\/p>\n<p style=\"text-align: justify;\"><!--more-->Important de \u015ftiut c\u0103 toate unit\u0103\u0163ile de \u00eenv\u0103\u0163\u0103m\u00e2nt din localitate \u015fi-au primit elevii \u00een cele mai bune condi\u0163ii. Dac\u0103 anul trecut au fost anvelopate termic toate \u015fcolile, anul acesta au continuat investi\u0163iile \u00een reabilitarea, modernizarea \u015fi dotarea cu mobilier a unit\u0103\u0163ilor \u015fcolare.<\/p>\nngg_shortcode_0_placeholder\n","protected":false},"excerpt":{"rendered":"<p>Ieri, \u00een ora\u015ful Rovinari au \u00eenceput \u015fcoala peste 2500 de \u015fcolari \u015fi pre\u015fcolari. La manifest\u0103rile prilejuite cu ocazia deschiderii anului \u015fcolar 2011-2012 au fost prezen\u0163i: primarul Dorin Filip, viceprimarul Chivu Lauren\u0163iu, \u015fi consilierii locali. Primarul ora\u015fului Rovinari i-a asigurat pe elevi, p\u0103rin\u0163i \u015fi profesori c\u0103 sunt \u00een sarcinile de serviciu ale prim\u0103riei \u015fi consiliului local [&hellip;]<\/p>\n","protected":false},"author":1001008,"featured_media":0,"comment_status":"open","ping_status":"open","sticky":false,"template":"","format":"standard","meta":{"ngg_post_thumbnail":0,"footnotes":""},"categories":[13],"tags":[361],"class_list":["post-3478","post","type-post","status-publish","format-standard","hentry","category-invatamant","tag-scoala"],"_links":{"self":[{"href":"https:\/\/primariarovinari.ro\/old\/wp-json\/wp\/v2\/posts\/3478","targetHints":{"allow":["GET"]}}],"collection":[{"href":"https:\/\/primariarovinari.ro\/old\/wp-json\/wp\/v2\/posts"}],"about":[{"href":"https:\/\/primariarovinari.ro\/old\/wp-json\/wp\/v2\/types\/post"}],"author":[{"embeddable":true,"href":"https:\/\/primariarovinari.ro\/old\/wp-json\/wp\/v2\/users\/1001008"}],"replies":[{"embeddable":true,"href":"https:\/\/primariarovinari.ro\/old\/wp-json\/wp\/v2\/comments?post=3478"}],"version-history":[{"count":0,"href":"https:\/\/primariarovinari.ro\/old\/wp-json\/wp\/v2\/posts\/3478\/revisions"}],"wp:attachment":[{"href":"https:\/\/primariarovinari.ro\/old\/wp-json\/wp\/v2\/media?parent=3478"}],"wp:term":[{"taxonomy":"category","embeddable":true,"href":"https:\/\/primariarovinari.ro\/old\/wp-json\/wp\/v2\/categories?post=3478"},{"taxonomy":"post_tag","embeddable":true,"href":"https:\/\/primariarovinari.ro\/old\/wp-json\/wp\/v2\/tags?post=3478"}],"curies":[{"name":"wp","href":"https:\/\/api.w.org\/{rel}","templated":true}]}}