{"id":3381,"date":"2011-08-18T14:14:45","date_gmt":"2011-08-18T12:14:45","guid":{"rendered":"http:\/\/www.primariarovinari.ro\/?p=3381"},"modified":"2011-08-18T16:01:18","modified_gmt":"2011-08-18T14:01:18","slug":"festivalul-berii-prilej-de-petrecere-si-voie-buna","status":"publish","type":"post","link":"https:\/\/primariarovinari.ro\/old\/2011\/08\/festivalul-berii-prilej-de-petrecere-si-voie-buna\/","title":{"rendered":"Festivalul Berii &#8211; prilej de petrecere \u015fi voie bun\u0103 pentru rovin\u0103reni"},"content":{"rendered":"<p style=\"text-align: justify;\"><a href=\"http:\/\/www.youtube.com\/watch?v=L7DIdA3sgpg\" target=\"_blank\"><img loading=\"lazy\" decoding=\"async\" class=\"alignright size-medium wp-image-3383\" style=\"margin-top: 5px; margin-bottom: 5px;\" title=\"festivalulberii rovinari\" src=\"http:\/\/www.primariarovinari.ro\/wp-content\/uploads\/2011\/08\/festivalulberii-67-300x168.jpg\" alt=\"\" width=\"300\" height=\"168\" srcset=\"https:\/\/primariarovinari.ro\/old\/wp-content\/uploads\/2011\/08\/festivalulberii-67-300x168.jpg 300w, https:\/\/primariarovinari.ro\/old\/wp-content\/uploads\/2011\/08\/festivalulberii-67.jpg 1024w\" sizes=\"auto, (max-width: 300px) 100vw, 300px\" \/><\/a>Consiliul Local \u015fi Prim\u0103ria Rovinari \u00eempreun\u0103 cu Casa de Cultur\u0103 \u015fi Biblioteca Ora\u015fului Rovinari au organizat s\u0103pt\u0103m\u00e2na trecut\u0103 \u00een ora\u015ful Rovinari cea de-a VI-a edi\u0163ie a Festivalului Berii 2011. De luni p\u00e2n\u0103 vineri comercian\u0163ii au fost prezen\u0163i pe Bulevardul Minerilor cu mititei \u015fi bere la discre\u0163ia doritorilor. S\u00e2mb\u0103t\u0103 \u015fi duminic\u0103 rovin\u0103renii au avut parte de concerte \u00een aer liber.<\/p>\n<p style=\"text-align: justify;\">S\u00e2mb\u0103t\u0103 13 august la ora 18 pe Stadionul Tineretului din Rovinari, cu ocazia Festivalului Berii, a avut loc un meci demonstrativ \u00eentre selec\u0163ionata Consiliului Local Rovinari \u015fi Craiova Maxima. Meciul s-a disputat \u00een fa\u0163a unei asisten\u0163e record \u00eenregistrat\u0103 p\u00e2n\u0103 acum pe Stadionul Tineretului, fiind prezen\u0163i aproximativ 700 de spectatori, de toate v\u00e2rstele.<\/p>\n<p style=\"text-align: justify;\"><!--more--><a href=\"http:\/\/www.youtube.com\/watch?v=3ILjqRyYJJA\" target=\"_blank\"><img loading=\"lazy\" decoding=\"async\" class=\"alignleft size-medium wp-image-3385\" style=\"margin-top: 3px; margin-bottom: 3px;\" title=\"festivalul berii rovinari\" src=\"http:\/\/www.primariarovinari.ro\/wp-content\/uploads\/2011\/08\/festivalulberii-3-300x168.jpg\" alt=\"\" width=\"300\" height=\"168\" srcset=\"https:\/\/primariarovinari.ro\/old\/wp-content\/uploads\/2011\/08\/festivalulberii-3-300x168.jpg 300w, https:\/\/primariarovinari.ro\/old\/wp-content\/uploads\/2011\/08\/festivalulberii-3.jpg 1024w\" sizes=\"auto, (max-width: 300px) 100vw, 300px\" \/><\/a>Din echipa Craiovei Maxima nu au lipsit componen\u0163ii de baz\u0103 care au scris istorie la sf\u00e2r\u015fitul anilor \u201980: Negril\u0103, Tilihoi, Donose, Beldeanu, Marcu, Ungureanu, \u0162ar\u0103lung\u0103, Cristescu, \u015f.a. La aceast\u0103 partid\u0103 au fost prezen\u0163i deputatul Sever Militaru \u015fi pre\u015fedintele Consiliului Jude\u0163ean Gorj &#8211; Ion C\u0103linoiu, acesta din urm\u0103 a \u015fi evoluat \u00een echipa Rovinariului \u00een repriza secund\u0103. Din echipa consiliului local au mai f\u0103cut parte Dorin Filip, Lauren\u0163iu Chivu, Constantin Podaru, Tache Predescu, C\u0103t\u0103lin Trofin, \u015f.a.<\/p>\n<p style=\"text-align: justify;\">De remarcat faptul c\u0103 primarul Dorin Filip a evoluat \u00een poart\u0103 av\u00e2nd o presta\u0163ie remarcabil\u0103, intervenind providen\u0163ial la mai multe \u015futuri ale Craiovei Maxima. Mai mult dec\u00e2t at\u00e2t acesta a marcat din lovitur\u0103 de pedeaps\u0103 dup\u0103 un penalty ob\u0163inut de Tache Predescu. Scor final Selec\u0163ionata Consiliului Local Rovinari \u2013 Craiova Maxima 3 \u2013 5 \u00eentr-un meci pentru spectatori.<a href=\"http:\/\/www.youtube.com\/watch?v=ZNmrGVggZSs\" target=\"_blank\"><img loading=\"lazy\" decoding=\"async\" class=\"alignright size-medium wp-image-3386\" style=\"margin-top: 5px; margin-bottom: 5px;\" title=\"craiova maxima la rovinari\" src=\"http:\/\/www.primariarovinari.ro\/wp-content\/uploads\/2011\/08\/festivalulberii-6-300x168.jpg\" alt=\"\" width=\"300\" height=\"168\" srcset=\"https:\/\/primariarovinari.ro\/old\/wp-content\/uploads\/2011\/08\/festivalulberii-6-300x168.jpg 300w, https:\/\/primariarovinari.ro\/old\/wp-content\/uploads\/2011\/08\/festivalulberii-6.jpg 1024w\" sizes=\"auto, (max-width: 300px) 100vw, 300px\" \/><\/a><\/p>\n<p style=\"text-align: justify;\">Ziua de s\u00e2mb\u0103t\u0103 s-a \u00eencheiat cu un concert \u00een centrul ora\u015fului sus\u0163inut de cei mai talenta\u0163i copii de la Gr\u0103dini\u0163a Nr. 1 Rovinari (coordona\u0163i de Nicola Nicoleta), elevii \u015ecolii Populare de Art\u0103 (coordona\u0163i de maestrul Grigore Burlan), Nick Kamarera &amp; Mike Diamondz.<\/p>\n<p style=\"text-align: justify;\">Duminic\u0103 seara au \u00eenc\u00e2ntat publicul elevii de la Clubul Elevilor Rovinari (coordona\u0163i de Emilia Dr\u0103gotoiu Nanu), forma\u0163ia \u201eGeneralii\u201d \u015fi Dumitru Vasilescu, Nek, Liviu \u015fi Claudia.<\/p>\n<p style=\"text-align: justify;\">Pentru mai multe poze \u015fi filmule\u0163e vizita\u0163i conturile institu\u0163iei noastre de pe facebook \u015fi youtube (click pe pictogramele din dreapta &#8211; sus a paginii).<br \/>\nngg_shortcode_0_placeholder<\/p>\n","protected":false},"excerpt":{"rendered":"<p>Consiliul Local \u015fi Prim\u0103ria Rovinari \u00eempreun\u0103 cu Casa de Cultur\u0103 \u015fi Biblioteca Ora\u015fului Rovinari au organizat s\u0103pt\u0103m\u00e2na trecut\u0103 \u00een ora\u015ful Rovinari cea de-a VI-a edi\u0163ie a Festivalului Berii 2011. De luni p\u00e2n\u0103 vineri comercian\u0163ii au fost prezen\u0163i pe Bulevardul Minerilor cu mititei \u015fi bere la discre\u0163ia doritorilor. S\u00e2mb\u0103t\u0103 \u015fi duminic\u0103 rovin\u0103renii au avut parte de [&hellip;]<\/p>\n","protected":false},"author":1001008,"featured_media":0,"comment_status":"open","ping_status":"open","sticky":false,"template":"","format":"standard","meta":{"ngg_post_thumbnail":0,"footnotes":""},"categories":[4],"tags":[189,202,132],"class_list":["post-3381","post","type-post","status-publish","format-standard","hentry","category-informatii-locale","tag-concert","tag-festival","tag-spectacol"],"_links":{"self":[{"href":"https:\/\/primariarovinari.ro\/old\/wp-json\/wp\/v2\/posts\/3381","targetHints":{"allow":["GET"]}}],"collection":[{"href":"https:\/\/primariarovinari.ro\/old\/wp-json\/wp\/v2\/posts"}],"about":[{"href":"https:\/\/primariarovinari.ro\/old\/wp-json\/wp\/v2\/types\/post"}],"author":[{"embeddable":true,"href":"https:\/\/primariarovinari.ro\/old\/wp-json\/wp\/v2\/users\/1001008"}],"replies":[{"embeddable":true,"href":"https:\/\/primariarovinari.ro\/old\/wp-json\/wp\/v2\/comments?post=3381"}],"version-history":[{"count":0,"href":"https:\/\/primariarovinari.ro\/old\/wp-json\/wp\/v2\/posts\/3381\/revisions"}],"wp:attachment":[{"href":"https:\/\/primariarovinari.ro\/old\/wp-json\/wp\/v2\/media?parent=3381"}],"wp:term":[{"taxonomy":"category","embeddable":true,"href":"https:\/\/primariarovinari.ro\/old\/wp-json\/wp\/v2\/categories?post=3381"},{"taxonomy":"post_tag","embeddable":true,"href":"https:\/\/primariarovinari.ro\/old\/wp-json\/wp\/v2\/tags?post=3381"}],"curies":[{"name":"wp","href":"https:\/\/api.w.org\/{rel}","templated":true}]}}