{"id":3364,"date":"2011-08-11T11:44:41","date_gmt":"2011-08-11T09:44:41","guid":{"rendered":"http:\/\/www.primariarovinari.ro\/?p=3364"},"modified":"2011-08-11T15:23:49","modified_gmt":"2011-08-11T13:23:49","slug":"completare-dosare-alocatie-pentru-sustinerea-familiei","status":"publish","type":"post","link":"https:\/\/primariarovinari.ro\/old\/2011\/08\/completare-dosare-alocatie-pentru-sustinerea-familiei\/","title":{"rendered":"Completare dosare aloca\u0163ie pentru sus\u0163inerea familiei"},"content":{"rendered":"<p style=\"text-align: justify;\"><a href=\"http:\/\/www.primariarovinari.ro\/wp-content\/uploads\/2011\/08\/familia.gif\"><img loading=\"lazy\" decoding=\"async\" class=\"alignright size-full wp-image-3366\" title=\"alocatie sustinere familie\" src=\"http:\/\/www.primariarovinari.ro\/wp-content\/uploads\/2011\/08\/familia.gif\" alt=\"\" width=\"240\" height=\"218\" \/><\/a>\u00cen conformitate cu prevederile Legii nr.277\/2010 privind aloca\u0163ia pentru sus\u0163inerea familiei, titularii aloca\u0163iei au obliga\u0163ia s\u0103 depun\u0103 la Prim\u0103ria ora\u015fului Rovinari din 6 \u00een 6 luni dup\u0103 stabilirea dreptului la aloca\u0163ie, o declara\u0163ie pe propria r\u0103spundere privind componen\u0163a familiei \u015fi veniturile realizate de membrii acesteia \u00eenso\u0163it\u0103 de actele doveditoare.<\/p>\n<p style=\"text-align: justify;\">Textul integral al anun\u0163ului se reg\u0103se\u015fte \u00een documentul de mai jos.<\/p>\n<p style=\"text-align: justify;\"><img decoding=\"async\" src=\"http:\/\/www.primariarovinari.ro\/wp-content\/plugins\/wp-downloadmanager\/images\/ext\/pdf.gif\" alt=\"\" title=\"\" style=\"vertical-align: middle;\" \/>&nbsp;&nbsp;<strong><a href=\"https:\/\/primariarovinari.ro\/old\/download\/pdf_uri\/anunt_aloc_sus_fam.pdf\">Anun\u0163 completare dosare aloca\u0163ie pentru sus\u0163inerea familiei<\/a><\/strong> (39,3 KiB, 1.001 hits)<br><\/p>\n","protected":false},"excerpt":{"rendered":"<p>\u00cen conformitate cu prevederile Legii nr.277\/2010 privind aloca\u0163ia pentru sus\u0163inerea familiei, titularii aloca\u0163iei au obliga\u0163ia s\u0103 depun\u0103 la Prim\u0103ria ora\u015fului Rovinari din 6 \u00een 6 luni dup\u0103 stabilirea dreptului la aloca\u0163ie, o declara\u0163ie pe propria r\u0103spundere privind componen\u0163a familiei \u015fi veniturile realizate de membrii acesteia \u00eenso\u0163it\u0103 de actele doveditoare. Textul integral al anun\u0163ului se reg\u0103se\u015fte [&hellip;]<\/p>\n","protected":false},"author":1001022,"featured_media":0,"comment_status":"open","ping_status":"open","sticky":false,"template":"","format":"standard","meta":{"ngg_post_thumbnail":0,"footnotes":""},"categories":[9],"tags":[296,353,352],"class_list":["post-3364","post","type-post","status-publish","format-standard","hentry","category-anunturi","tag-alocatie","tag-declaratie","tag-sustinerea-familiei"],"_links":{"self":[{"href":"https:\/\/primariarovinari.ro\/old\/wp-json\/wp\/v2\/posts\/3364","targetHints":{"allow":["GET"]}}],"collection":[{"href":"https:\/\/primariarovinari.ro\/old\/wp-json\/wp\/v2\/posts"}],"about":[{"href":"https:\/\/primariarovinari.ro\/old\/wp-json\/wp\/v2\/types\/post"}],"author":[{"embeddable":true,"href":"https:\/\/primariarovinari.ro\/old\/wp-json\/wp\/v2\/users\/1001022"}],"replies":[{"embeddable":true,"href":"https:\/\/primariarovinari.ro\/old\/wp-json\/wp\/v2\/comments?post=3364"}],"version-history":[{"count":0,"href":"https:\/\/primariarovinari.ro\/old\/wp-json\/wp\/v2\/posts\/3364\/revisions"}],"wp:attachment":[{"href":"https:\/\/primariarovinari.ro\/old\/wp-json\/wp\/v2\/media?parent=3364"}],"wp:term":[{"taxonomy":"category","embeddable":true,"href":"https:\/\/primariarovinari.ro\/old\/wp-json\/wp\/v2\/categories?post=3364"},{"taxonomy":"post_tag","embeddable":true,"href":"https:\/\/primariarovinari.ro\/old\/wp-json\/wp\/v2\/tags?post=3364"}],"curies":[{"name":"wp","href":"https:\/\/api.w.org\/{rel}","templated":true}]}}