{"id":3342,"date":"2011-08-09T17:39:33","date_gmt":"2011-08-09T15:39:33","guid":{"rendered":"http:\/\/www.primariarovinari.ro\/?p=3342"},"modified":"2011-08-09T17:45:36","modified_gmt":"2011-08-09T15:45:36","slug":"8-14-august-2011-festivalul-berii-editia-a-vi-a","status":"publish","type":"post","link":"https:\/\/primariarovinari.ro\/old\/2011\/08\/8-14-august-2011-festivalul-berii-editia-a-vi-a\/","title":{"rendered":"8-14 august 2011 &#8211; Festivalul Berii edi\u0163ia a VI-a"},"content":{"rendered":"<p style=\"text-align: justify;\"><a href=\"http:\/\/www.primariarovinari.ro\/wp-content\/uploads\/2011\/08\/mada-acasa.jpg\"><img loading=\"lazy\" decoding=\"async\" class=\"alignright size-medium wp-image-3343\" title=\"afis festivalul berii\" src=\"http:\/\/www.primariarovinari.ro\/wp-content\/uploads\/2011\/08\/mada-acasa-210x300.jpg\" alt=\"\" width=\"190\" height=\"272\" srcset=\"https:\/\/primariarovinari.ro\/old\/wp-content\/uploads\/2011\/08\/mada-acasa-210x300.jpg 210w, https:\/\/primariarovinari.ro\/old\/wp-content\/uploads\/2011\/08\/mada-acasa-717x1024.jpg 717w, https:\/\/primariarovinari.ro\/old\/wp-content\/uploads\/2011\/08\/mada-acasa.jpg 1024w\" sizes=\"auto, (max-width: 190px) 100vw, 190px\" \/><\/a>Prim\u0103ria \u015fi Consiliul Local\u00a0 Rovinari al\u0103turi de Casa de Cultur\u0103 \u015fi Biblioteca ora\u015fului Rovinari v\u0103 invit\u0103 \u00een perioada 8-14 august 2011, la cea de-a VI-a edi\u0163ie a Festivalului Berii, care va avea loc pe Bulevardul Minerilor.<\/p>\n<p style=\"text-align: justify;\">Printre invita\u0163i se num\u0103r\u0103 Nick Kamarera &amp; Mike Diamondz, forma\u0163ia &#8222;Generalii&#8221; &amp; Dumitru Vasilescu, Nek &amp; Claudia, Liviu Gu\u0163\u0103.<\/p>\n<p style=\"text-align: justify;\">Surpriza acestui festival va fi prezen\u0163a \u00een ora\u015ful nostru a Craiovei Maxima,\u00a0 echip\u0103 ce va sus\u0163ine un meci de fotbal demonstrativ cu selec\u0163ionata Consiliului Local Rovinari s\u00e2mb\u0103t\u0103 13 august 2011 cu \u00eencepere de la ora 18.00 pe Stadionul Tineretului din Rovinari.<\/p>\n<p style=\"text-align: justify;\">Click pe poza al\u0103turat\u0103 pentru a vedea programul complet al Festivalului Berii din acest an.<\/p>\n","protected":false},"excerpt":{"rendered":"<p>Prim\u0103ria \u015fi Consiliul Local\u00a0 Rovinari al\u0103turi de Casa de Cultur\u0103 \u015fi Biblioteca ora\u015fului Rovinari v\u0103 invit\u0103 \u00een perioada 8-14 august 2011, la cea de-a VI-a edi\u0163ie a Festivalului Berii, care va avea loc pe Bulevardul Minerilor. Printre invita\u0163i se num\u0103r\u0103 Nick Kamarera &amp; Mike Diamondz, forma\u0163ia &#8222;Generalii&#8221; &amp; Dumitru Vasilescu, Nek &amp; Claudia, Liviu Gu\u0163\u0103. [&hellip;]<\/p>\n","protected":false},"author":1001008,"featured_media":0,"comment_status":"open","ping_status":"open","sticky":false,"template":"","format":"standard","meta":{"ngg_post_thumbnail":0,"footnotes":""},"categories":[4],"tags":[49],"class_list":["post-3342","post","type-post","status-publish","format-standard","hentry","category-informatii-locale","tag-festivalul-berii"],"_links":{"self":[{"href":"https:\/\/primariarovinari.ro\/old\/wp-json\/wp\/v2\/posts\/3342","targetHints":{"allow":["GET"]}}],"collection":[{"href":"https:\/\/primariarovinari.ro\/old\/wp-json\/wp\/v2\/posts"}],"about":[{"href":"https:\/\/primariarovinari.ro\/old\/wp-json\/wp\/v2\/types\/post"}],"author":[{"embeddable":true,"href":"https:\/\/primariarovinari.ro\/old\/wp-json\/wp\/v2\/users\/1001008"}],"replies":[{"embeddable":true,"href":"https:\/\/primariarovinari.ro\/old\/wp-json\/wp\/v2\/comments?post=3342"}],"version-history":[{"count":0,"href":"https:\/\/primariarovinari.ro\/old\/wp-json\/wp\/v2\/posts\/3342\/revisions"}],"wp:attachment":[{"href":"https:\/\/primariarovinari.ro\/old\/wp-json\/wp\/v2\/media?parent=3342"}],"wp:term":[{"taxonomy":"category","embeddable":true,"href":"https:\/\/primariarovinari.ro\/old\/wp-json\/wp\/v2\/categories?post=3342"},{"taxonomy":"post_tag","embeddable":true,"href":"https:\/\/primariarovinari.ro\/old\/wp-json\/wp\/v2\/tags?post=3342"}],"curies":[{"name":"wp","href":"https:\/\/api.w.org\/{rel}","templated":true}]}}