{"id":319,"date":"2009-06-24T10:39:58","date_gmt":"2009-06-24T08:39:58","guid":{"rendered":"http:\/\/www.primariarovinari.ro\/?p=319"},"modified":"2010-03-22T17:42:13","modified_gmt":"2010-03-22T15:42:13","slug":"seminar-de-informare-a-imm-urilor-desfasurat-la-rovinari","status":"publish","type":"post","link":"https:\/\/primariarovinari.ro\/old\/2009\/06\/seminar-de-informare-a-imm-urilor-desfasurat-la-rovinari\/","title":{"rendered":"Seminar de Informare a IMM-urilor desf\u0103\u015furat la Rovinari"},"content":{"rendered":"<p style=\"text-align: justify;\"><span style=\"font-family: arial,helvetica,sans-serif;\"><a href=\"http:\/\/www.primariarovinari.ro\/wp-content\/uploads\/2009\/06\/02.jpg\"><img loading=\"lazy\" decoding=\"async\" class=\"alignright size-full wp-image-409\" title=\"02\" src=\"http:\/\/www.primariarovinari.ro\/wp-content\/uploads\/2009\/06\/02.jpg\" alt=\"\" width=\"275\" height=\"205\" srcset=\"https:\/\/primariarovinari.ro\/old\/wp-content\/uploads\/2009\/06\/02.jpg 800w, https:\/\/primariarovinari.ro\/old\/wp-content\/uploads\/2009\/06\/02-300x225.jpg 300w\" sizes=\"auto, (max-width: 275px) 100vw, 275px\" \/><\/a>Mar\u0163i 23 iunie 2009 \u00een sala de  \u015eedin\u0163e a Consiliului Local Rovinari a avut loc o sesiune de comunicare  \u015fi informare asupra fondurilor nerambursabile destinate mediului de  afaceri, desf\u0103\u015furat\u0103 cu ocazia primei \u201eS\u0103pt\u0103m\u00e2ni Europene a IMM-urilor\u201d,  campanie de promovare a antreprenoriatului \u00een Europa \u015fi de informare a  antreprenorilor despre ajutorul de care pot beneficia la nivel european,  na\u0163ional \u015fi local.<\/span><\/p>\n<p style=\"text-align: justify;\">\n<p style=\"text-align: justify;\"><span style=\"font-family: arial,helvetica,sans-serif;\"><!--more-->Evenimentul  a fost derulat de c\u0103tre Institu\u0163ia Prefectului \u2013 Jude\u0163ul Gorj \u00een  parteneriat cu Oficiul Jude\u0163ean pentru Dezvoltare Rural\u0103 \u015fi Pescuit  Gorj, Oficiul Teritorial pentru \u00centreprinderi Mici \u015fi Mijlocii \u015fi  Coopera\u0163ie Craiova, Agen\u0163ia pentru Dezvoltare Regional\u0103 Sud-Vest  Oltenia, Organismul Intermediar pentru Programul Opera\u0163ional Sectorial  \u201eDezvoltarea Resurselor Umane\u201d-Regiunea Sud-Vest Oltenia. La seminar au  participat oameni de afaceri rovin\u0103reni. <\/span><\/p>\n<div style=\"text-align: justify;\"><span style=\"font-family: arial,helvetica,sans-serif;\"> <\/span><span style=\"font-family: arial,helvetica,sans-serif;\"><a href=\"http:\/\/www.primariarovinari.ro\/wp-content\/uploads\/2009\/06\/03.jpg\"><img loading=\"lazy\" decoding=\"async\" class=\"alignleft size-full wp-image-411\" title=\"03\" src=\"http:\/\/www.primariarovinari.ro\/wp-content\/uploads\/2009\/06\/03.jpg\" alt=\"\" width=\"275\" height=\"207\" srcset=\"https:\/\/primariarovinari.ro\/old\/wp-content\/uploads\/2009\/06\/03.jpg 800w, https:\/\/primariarovinari.ro\/old\/wp-content\/uploads\/2009\/06\/03-300x225.jpg 300w\" sizes=\"auto, (max-width: 275px) 100vw, 275px\" \/><\/a>Seminarul de informare intitulat  \u201eProgramele de Finan\u0163are-Oportunit\u0103\u0163i pentru \u00centreprinz\u0103torii Gorjeni\u201d  s-a desf\u0103\u015furat dup\u0103 urm\u0103torul program:<br \/>\n<\/span><span style=\"font-family: arial,helvetica,sans-serif;\">1.\u00a0\u00a0 \u00a0Cuv\u00e2nt introductiv sus\u0163inut de  c\u0103tre Lorena V\u00eelceanu ca reprezentant\u0103 a Prefecturii Gorj;<br \/>\n<\/span><span style=\"font-family: arial,helvetica,sans-serif;\">2.\u00a0\u00a0 \u00a0Prezentarea Programului  Opera\u0163ional Sectorial \u201eDezvoltarea Resurselor Umane de c\u0103tre Ileana  Alionescu \u015fi Mihaela Mo\u0163a -OIR POS DRU SV OLTENIA;<br \/>\n<\/span><span style=\"font-family: arial,helvetica,sans-serif;\">3.\u00a0\u00a0 \u00a0S-a prezentat Programul  Opera\u0163ional Sectorial \u201eCre\u015fterea Competitvit\u0103\u0163ii Economice\u201d de c\u0103tre  Florin Mogoe- OTIMMC Craiova;<br \/>\n<\/span><span style=\"font-family: arial,helvetica,sans-serif;\">4.\u00a0\u00a0 \u00a0Prezentarea Programului  Opera\u0163ional Regional de c\u0103tre Dan Lauren\u0163iu- ADR SV OLTENIA;<br \/>\n<\/span><span style=\"font-family: arial,helvetica,sans-serif;\">5.\u00a0\u00a0 \u00a0Prezentarea Programului  Na\u0163ional pentru Dezvoltare Rural\u0103 prezentat de c\u0103tre Runcan Dumitru \u015fi  Iftimie C\u0103t\u0103lin-OJPDRP GORJ<br \/>\n<\/span><span style=\"font-family: arial,helvetica,sans-serif;\"> Seminarul s-a \u00eencheiat cu  \u00eentreb\u0103rile \u015fi nel\u0103muririle oamenilor de afaceri care au participat.<\/span><\/div>\n","protected":false},"excerpt":{"rendered":"<p>Mar\u0163i 23 iunie 2009 \u00een sala de \u015eedin\u0163e a Consiliului Local Rovinari a avut loc o sesiune de comunicare \u015fi informare asupra fondurilor nerambursabile destinate mediului de afaceri, desf\u0103\u015furat\u0103 cu ocazia primei \u201eS\u0103pt\u0103m\u00e2ni Europene a IMM-urilor\u201d, campanie de promovare a antreprenoriatului \u00een Europa \u015fi de informare a antreprenorilor despre ajutorul de care pot beneficia la [&hellip;]<\/p>\n","protected":false},"author":1001008,"featured_media":0,"comment_status":"open","ping_status":"open","sticky":false,"template":"","format":"standard","meta":{"ngg_post_thumbnail":0,"footnotes":""},"categories":[4],"tags":[],"class_list":["post-319","post","type-post","status-publish","format-standard","hentry","category-informatii-locale"],"_links":{"self":[{"href":"https:\/\/primariarovinari.ro\/old\/wp-json\/wp\/v2\/posts\/319","targetHints":{"allow":["GET"]}}],"collection":[{"href":"https:\/\/primariarovinari.ro\/old\/wp-json\/wp\/v2\/posts"}],"about":[{"href":"https:\/\/primariarovinari.ro\/old\/wp-json\/wp\/v2\/types\/post"}],"author":[{"embeddable":true,"href":"https:\/\/primariarovinari.ro\/old\/wp-json\/wp\/v2\/users\/1001008"}],"replies":[{"embeddable":true,"href":"https:\/\/primariarovinari.ro\/old\/wp-json\/wp\/v2\/comments?post=319"}],"version-history":[{"count":0,"href":"https:\/\/primariarovinari.ro\/old\/wp-json\/wp\/v2\/posts\/319\/revisions"}],"wp:attachment":[{"href":"https:\/\/primariarovinari.ro\/old\/wp-json\/wp\/v2\/media?parent=319"}],"wp:term":[{"taxonomy":"category","embeddable":true,"href":"https:\/\/primariarovinari.ro\/old\/wp-json\/wp\/v2\/categories?post=319"},{"taxonomy":"post_tag","embeddable":true,"href":"https:\/\/primariarovinari.ro\/old\/wp-json\/wp\/v2\/tags?post=319"}],"curies":[{"name":"wp","href":"https:\/\/api.w.org\/{rel}","templated":true}]}}