{"id":3117,"date":"2011-06-20T11:38:53","date_gmt":"2011-06-20T09:38:53","guid":{"rendered":"http:\/\/www.primariarovinari.ro\/?p=3117"},"modified":"2011-06-20T11:53:14","modified_gmt":"2011-06-20T09:53:14","slug":"spitalul-%e2%80%9esfantul-stefan%e2%80%9d-rovinari-are-o-alta-infatisare","status":"publish","type":"post","link":"https:\/\/primariarovinari.ro\/old\/2011\/06\/spitalul-%e2%80%9esfantul-stefan%e2%80%9d-rovinari-are-o-alta-infatisare\/","title":{"rendered":"Spitalul \u201eSf\u00e2ntul \u015etefan\u201d Rovinari are o alt\u0103 \u00eenf\u0103\u0163i\u015fare"},"content":{"rendered":"<p style=\"text-align: justify;\"><a href=\"http:\/\/www.primariarovinari.ro\/wp-content\/uploads\/2011\/06\/spitalrovinari-3.jpg\"><img loading=\"lazy\" decoding=\"async\" class=\"alignright size-medium wp-image-3118\" style=\"margin-top: 5px; margin-bottom: 5px;\" title=\"spitalrovinari (3)\" src=\"http:\/\/www.primariarovinari.ro\/wp-content\/uploads\/2011\/06\/spitalrovinari-3-300x168.jpg\" alt=\"\" width=\"300\" height=\"168\" srcset=\"https:\/\/primariarovinari.ro\/old\/wp-content\/uploads\/2011\/06\/spitalrovinari-3-300x168.jpg 300w, https:\/\/primariarovinari.ro\/old\/wp-content\/uploads\/2011\/06\/spitalrovinari-3.jpg 1024w\" sizes=\"auto, (max-width: 300px) 100vw, 300px\" \/><\/a>Ministerul S\u0103n\u0103t\u0103\u0163ii a finalizat s\u0103pt\u0103m\u00e2na trecut\u0103 clasificarea spitalelor din Rom\u00e2nia, \u00een func\u0163ie de competen\u0163ele lor. Aceast\u0103 clasificare va fi utilizat\u0103 pentru elaborarea propunerilor de modelare a finan\u0163\u0103rii suplimentare a spitalelor, pe nivele de performan\u0163\u0103 \u015fi pentru planificarea achizi\u0163iilor de aparatur\u0103 medical\u0103.<\/p>\n<p style=\"text-align: justify;\">\u00cen urma evalu\u0103rii celor 461 de spitale, 58% se \u00eencadreaz\u0103 \u00een cele mai slabe categorii: IV \u015fi V. Spitalul din Rovinari se \u00eencadreaz\u0103 \u00een categoria IV, fiind \u00een ton cu celelalte unit\u0103\u0163i spitalice\u015fti din Gorj. La aproape un an de la preluarea spitalului de c\u0103tre administra\u0163ia local\u0103, pe l\u00e2ng\u0103 numeroasele investi\u0163ii realizate la spitalul din Rovinari, de cur\u00e2nd au fost finalizate \u015fi lucr\u0103rile la anveloparea termic\u0103.<\/p>\n<p style=\"text-align: justify;\"><a href=\"http:\/\/www.primariarovinari.ro\/wp-content\/uploads\/2011\/06\/spitale-gorj.jpg\"><!--more--><img loading=\"lazy\" decoding=\"async\" class=\"alignleft size-medium wp-image-3121\" title=\"spitale gorj\" src=\"http:\/\/www.primariarovinari.ro\/wp-content\/uploads\/2011\/06\/spitale-gorj-300x240.jpg\" alt=\"\" width=\"270\" height=\"216\" srcset=\"https:\/\/primariarovinari.ro\/old\/wp-content\/uploads\/2011\/06\/spitale-gorj-300x240.jpg 300w, https:\/\/primariarovinari.ro\/old\/wp-content\/uploads\/2011\/06\/spitale-gorj.jpg 530w\" sizes=\"auto, (max-width: 270px) 100vw, 270px\" \/><\/a>\u00centr-un timp foarte scurt s-au f\u0103cut multe lucruri pozitive la nivelul spitalului, lucru remarcat \u015fi de ministrul s\u0103n\u0103t\u0103\u0163ii Cseke Attila \u00eentr-un comunicat de pres\u0103 postat pe site-ul ministerului, \u00een care ministrul precizeaz\u0103 c\u0103 <em>\u201eDescentralizarea a fost o decizie corect\u0103, binevenit\u0103 \u015fi care a produs efecte pozitive \u00een multe jude\u0163e. \u00cen urma descentraliz\u0103rii unit\u0103\u0163ilor sanitare c\u0103tre consiliile jude\u0163ene \u015fi prim\u0103rii, valoarea investi\u0163iilor pe care acestea le-au efectuat \u00een sistemul sanitar a crescut semnificativ, de peste 6 ori \u00een ultimii 3 ani. Exist\u0103 autorit\u0103\u0163i locale care au \u00een\u0163eles importan\u0163a investi\u0163iilor \u00een S\u0103n\u0103tate \u2026 \u201d<\/em>.<\/p>\n<p style=\"text-align: justify;\">ngg_shortcode_0_placeholder<\/p>\n","protected":false},"excerpt":{"rendered":"<p>Ministerul S\u0103n\u0103t\u0103\u0163ii a finalizat s\u0103pt\u0103m\u00e2na trecut\u0103 clasificarea spitalelor din Rom\u00e2nia, \u00een func\u0163ie de competen\u0163ele lor. Aceast\u0103 clasificare va fi utilizat\u0103 pentru elaborarea propunerilor de modelare a finan\u0163\u0103rii suplimentare a spitalelor, pe nivele de performan\u0163\u0103 \u015fi pentru planificarea achizi\u0163iilor de aparatur\u0103 medical\u0103. \u00cen urma evalu\u0103rii celor 461 de spitale, 58% se \u00eencadreaz\u0103 \u00een cele mai slabe [&hellip;]<\/p>\n","protected":false},"author":1001008,"featured_media":0,"comment_status":"open","ping_status":"open","sticky":false,"template":"","format":"standard","meta":{"ngg_post_thumbnail":0,"footnotes":""},"categories":[4],"tags":[319,59,95],"class_list":["post-3117","post","type-post","status-publish","format-standard","hentry","category-informatii-locale","tag-anvelopare-termica","tag-reabilitare","tag-spital"],"_links":{"self":[{"href":"https:\/\/primariarovinari.ro\/old\/wp-json\/wp\/v2\/posts\/3117","targetHints":{"allow":["GET"]}}],"collection":[{"href":"https:\/\/primariarovinari.ro\/old\/wp-json\/wp\/v2\/posts"}],"about":[{"href":"https:\/\/primariarovinari.ro\/old\/wp-json\/wp\/v2\/types\/post"}],"author":[{"embeddable":true,"href":"https:\/\/primariarovinari.ro\/old\/wp-json\/wp\/v2\/users\/1001008"}],"replies":[{"embeddable":true,"href":"https:\/\/primariarovinari.ro\/old\/wp-json\/wp\/v2\/comments?post=3117"}],"version-history":[{"count":0,"href":"https:\/\/primariarovinari.ro\/old\/wp-json\/wp\/v2\/posts\/3117\/revisions"}],"wp:attachment":[{"href":"https:\/\/primariarovinari.ro\/old\/wp-json\/wp\/v2\/media?parent=3117"}],"wp:term":[{"taxonomy":"category","embeddable":true,"href":"https:\/\/primariarovinari.ro\/old\/wp-json\/wp\/v2\/categories?post=3117"},{"taxonomy":"post_tag","embeddable":true,"href":"https:\/\/primariarovinari.ro\/old\/wp-json\/wp\/v2\/tags?post=3117"}],"curies":[{"name":"wp","href":"https:\/\/api.w.org\/{rel}","templated":true}]}}