{"id":3088,"date":"2011-06-17T08:41:40","date_gmt":"2011-06-17T06:41:40","guid":{"rendered":"http:\/\/www.primariarovinari.ro\/?p=3088"},"modified":"2011-09-13T11:57:55","modified_gmt":"2011-09-13T09:57:55","slug":"strandul-orasenesc-rovinari-a-fost-deschis-publicului","status":"publish","type":"post","link":"https:\/\/primariarovinari.ro\/old\/2011\/06\/strandul-orasenesc-rovinari-a-fost-deschis-publicului\/","title":{"rendered":"\u015etrandul Or\u0103\u015fenesc Rovinari a fost deschis publicului larg"},"content":{"rendered":"<p style=\"text-align: justify;\"><a href=\"http:\/\/www.primariarovinari.ro\/wp-content\/uploads\/2011\/06\/strand-rovinari-1.jpg\"><img loading=\"lazy\" decoding=\"async\" class=\"alignright size-medium wp-image-3089\" style=\"margin-top: 5px; margin-bottom: 5px;\" title=\"strand rovinari (1)\" src=\"http:\/\/www.primariarovinari.ro\/wp-content\/uploads\/2011\/06\/strand-rovinari-1-300x168.jpg\" alt=\"\" width=\"300\" height=\"168\" srcset=\"https:\/\/primariarovinari.ro\/old\/wp-content\/uploads\/2011\/06\/strand-rovinari-1-300x168.jpg 300w, https:\/\/primariarovinari.ro\/old\/wp-content\/uploads\/2011\/06\/strand-rovinari-1.jpg 1024w\" sizes=\"auto, (max-width: 300px) 100vw, 300px\" \/><\/a>\u00cen ultimele s\u0103pt\u0103m\u00e2ni \u015etrandul Rovinari a fost preg\u0103tit de c\u0103tre societatea care \u00eel are \u00een administrare s\u0103 \u00eendeplineasc\u0103 toate condi\u0163iile pentru a-\u015fi deschide por\u0163ile publicului larg, at\u00e2t din ora\u015f, c\u00e2t \u015fi din \u00eemprejurimi.<\/p>\n<p style=\"text-align: justify;\">\u00cen acest sens, societatea consiliului local\u00a0 a vopsit cele dou\u0103 bazine ale \u015ftrandului, a reamenajat plaja din jurul bazinelor, a reabilitat sistemele de filtrare a apei, a reabilitat grupurile sanitare \u015fi cabinele de schimb, a fost reamenajat terenul de tenis.<\/p>\n<p style=\"text-align: justify;\">De\u015fi \u015ftrandul \u00eendeplinea toate condi\u0163iile deschiderii \u00eenc\u0103 de la \u00eenceputul lunii iunie a acestui an, din cauza vremii nefavorabile a fost am\u00e2nat\u0103 deschiderea acestuia p\u00e2n\u0103 pe 15 iunie 2011.<\/p>\n<p style=\"text-align: justify;\"><!--more-->Dup\u0103 o iarn\u0103 lung\u0103 \u015fi friguroas\u0103, \u015ftrandul din Rovinari st\u0103 la dispozi\u0163ia tuturor celor care vor dorii s\u0103 se r\u0103coreasc\u0103. Pre\u0163urile practicate la \u015ftrandul din Rovinari r\u0103m\u00e2n cele de criz\u0103, adic\u0103 7 lei adul\u0163ii, 5 lei copiii, 2 lei \u015fezlongul. \u00cen interiorul \u015ftrandului ve\u0163i avea parte de o teras\u0103, 3 du\u015furi cu ap\u0103 cald\u0103 provenite de la cele trei panouri solare montate deasupra \u015ftrandului.<\/p>\n<p style=\"text-align: justify;\">Av\u00e2nd \u00een vedere c\u0103 acum aproximativ trei s\u0103pt\u0103m\u00e2ni o feti\u0163\u0103 de 7 ani a murit \u00eentr-un \u015ftrand din Oradea, Prim\u0103ria Rovinari \u015fi S.C. A.C.S. Rovinari, din dorin\u0163a de a evita orice eveniment de acest gen, a hot\u0103r\u00e2t ca \u00een perioada \u00een care \u015ftrandul va fi deschis, \u00een incinta acestuia s\u0103 fie un salvamar, o asistent\u0103 medical\u0103 \u015fi 2 agen\u0163i de la Poli\u0163ia Local\u0103 Rovinari.<\/p>\n<p style=\"text-align: justify;\">A\u015ftept\u0103m \u00een acest sf\u00e2r\u015fit de s\u0103pt\u0103m\u00e2n\u0103 c\u00e2t mai multe persoane care vor s\u0103 se r\u0103coreasc\u0103 sau s\u0103 se bronzeze la \u015etrandul Or\u0103\u015fenesc Rovinari, \u00eendemn\u00e2ndu-v\u0103 s\u0103 nu risca\u0163i, pun\u00e2ndu-v\u0103 via\u0163a \u00een pericol, merg\u00e2nd la Jiu, acolo unde acum dou\u0103 s\u0103pt\u0103m\u00e2ni un t\u00e2n\u0103r din ora\u015ful nostru a murit \u00eenecat.<br \/>\nngg_shortcode_0_placeholder<\/p>\n","protected":false},"excerpt":{"rendered":"<p>\u00cen ultimele s\u0103pt\u0103m\u00e2ni \u015etrandul Rovinari a fost preg\u0103tit de c\u0103tre societatea care \u00eel are \u00een administrare s\u0103 \u00eendeplineasc\u0103 toate condi\u0163iile pentru a-\u015fi deschide por\u0163ile publicului larg, at\u00e2t din ora\u015f, c\u00e2t \u015fi din \u00eemprejurimi. \u00cen acest sens, societatea consiliului local\u00a0 a vopsit cele dou\u0103 bazine ale \u015ftrandului, a reamenajat plaja din jurul bazinelor, a reabilitat sistemele [&hellip;]<\/p>\n","protected":false},"author":1001008,"featured_media":0,"comment_status":"open","ping_status":"open","sticky":false,"template":"","format":"standard","meta":{"ngg_post_thumbnail":0,"footnotes":""},"categories":[4],"tags":[223],"class_list":["post-3088","post","type-post","status-publish","format-standard","hentry","category-informatii-locale","tag-strand"],"_links":{"self":[{"href":"https:\/\/primariarovinari.ro\/old\/wp-json\/wp\/v2\/posts\/3088","targetHints":{"allow":["GET"]}}],"collection":[{"href":"https:\/\/primariarovinari.ro\/old\/wp-json\/wp\/v2\/posts"}],"about":[{"href":"https:\/\/primariarovinari.ro\/old\/wp-json\/wp\/v2\/types\/post"}],"author":[{"embeddable":true,"href":"https:\/\/primariarovinari.ro\/old\/wp-json\/wp\/v2\/users\/1001008"}],"replies":[{"embeddable":true,"href":"https:\/\/primariarovinari.ro\/old\/wp-json\/wp\/v2\/comments?post=3088"}],"version-history":[{"count":0,"href":"https:\/\/primariarovinari.ro\/old\/wp-json\/wp\/v2\/posts\/3088\/revisions"}],"wp:attachment":[{"href":"https:\/\/primariarovinari.ro\/old\/wp-json\/wp\/v2\/media?parent=3088"}],"wp:term":[{"taxonomy":"category","embeddable":true,"href":"https:\/\/primariarovinari.ro\/old\/wp-json\/wp\/v2\/categories?post=3088"},{"taxonomy":"post_tag","embeddable":true,"href":"https:\/\/primariarovinari.ro\/old\/wp-json\/wp\/v2\/tags?post=3088"}],"curies":[{"name":"wp","href":"https:\/\/api.w.org\/{rel}","templated":true}]}}