{"id":3061,"date":"2011-06-14T13:15:49","date_gmt":"2011-06-14T11:15:49","guid":{"rendered":"http:\/\/www.primariarovinari.ro\/?p=3061"},"modified":"2011-06-16T14:22:57","modified_gmt":"2011-06-16T12:22:57","slug":"zona-blocurilor-i2-i4-a-fost-reamenajata","status":"publish","type":"post","link":"https:\/\/primariarovinari.ro\/old\/2011\/06\/zona-blocurilor-i2-i4-a-fost-reamenajata\/","title":{"rendered":"Zona blocurilor I2 &#8211; I4 a fost reamenajat\u0103"},"content":{"rendered":"<p style=\"text-align: justify;\"><a href=\"http:\/\/www.primariarovinari.ro\/wp-content\/uploads\/2011\/06\/reabilitare-zona-blocuri-I2-I4-Rovinari.jpg\"><img loading=\"lazy\" decoding=\"async\" class=\"alignright size-medium wp-image-3066\" style=\"margin-top: 3px; margin-bottom: 3px;\" title=\"reabilitare zona blocuri I2-I4 Rovinari\" src=\"http:\/\/www.primariarovinari.ro\/wp-content\/uploads\/2011\/06\/reabilitare-zona-blocuri-I2-I4-Rovinari-300x168.jpg\" alt=\"\" width=\"300\" height=\"168\" srcset=\"https:\/\/primariarovinari.ro\/old\/wp-content\/uploads\/2011\/06\/reabilitare-zona-blocuri-I2-I4-Rovinari-300x168.jpg 300w, https:\/\/primariarovinari.ro\/old\/wp-content\/uploads\/2011\/06\/reabilitare-zona-blocuri-I2-I4-Rovinari.jpg 1024w\" sizes=\"auto, (max-width: 300px) 100vw, 300px\" \/><\/a>\u00cen aceast\u0103 perioad\u0103 se lucreaz\u0103 la reabilitarea \u015fi modernizarea mai multor obiective din ora\u015ful Rovinari.<\/p>\n<p style=\"text-align: justify;\">Dup\u0103 reabilitarea Aleilor Zorilor \u015fi Zambilelor, Str\u0103zilor Florilor \u015fi Castanilor, s\u0103pt\u0103m\u00e2na aceasta a venit r\u00e2ndul zonei blocurilor I2 &#8211; I4, s\u0103 fie modernizat\u0103.<\/p>\n<p style=\"text-align: justify;\">\u00cen acest sens, a fost ref\u0103cut\u0103 aleea pietonal\u0103 (la o dimensiune mai mare), cu beton amprent.<\/p>\n<p style=\"text-align: justify;\">A fost amenajat \u015fi spa\u0163iul verde aferent acestei zone cu flori \u015fi arbu\u015fti ornamentali.<\/p>\n<p style=\"text-align: justify;\"><!--more-->ngg_shortcode_0_placeholder<\/p>\n","protected":false},"excerpt":{"rendered":"<p>\u00cen aceast\u0103 perioad\u0103 se lucreaz\u0103 la reabilitarea \u015fi modernizarea mai multor obiective din ora\u015ful Rovinari. Dup\u0103 reabilitarea Aleilor Zorilor \u015fi Zambilelor, Str\u0103zilor Florilor \u015fi Castanilor, s\u0103pt\u0103m\u00e2na aceasta a venit r\u00e2ndul zonei blocurilor I2 &#8211; I4, s\u0103 fie modernizat\u0103. \u00cen acest sens, a fost ref\u0103cut\u0103 aleea pietonal\u0103 (la o dimensiune mai mare), cu beton amprent. A [&hellip;]<\/p>\n","protected":false},"author":1001008,"featured_media":0,"comment_status":"open","ping_status":"open","sticky":false,"template":"","format":"standard","meta":{"ngg_post_thumbnail":0,"footnotes":""},"categories":[8],"tags":[],"class_list":["post-3061","post","type-post","status-publish","format-standard","hentry","category-proiecte"],"_links":{"self":[{"href":"https:\/\/primariarovinari.ro\/old\/wp-json\/wp\/v2\/posts\/3061","targetHints":{"allow":["GET"]}}],"collection":[{"href":"https:\/\/primariarovinari.ro\/old\/wp-json\/wp\/v2\/posts"}],"about":[{"href":"https:\/\/primariarovinari.ro\/old\/wp-json\/wp\/v2\/types\/post"}],"author":[{"embeddable":true,"href":"https:\/\/primariarovinari.ro\/old\/wp-json\/wp\/v2\/users\/1001008"}],"replies":[{"embeddable":true,"href":"https:\/\/primariarovinari.ro\/old\/wp-json\/wp\/v2\/comments?post=3061"}],"version-history":[{"count":0,"href":"https:\/\/primariarovinari.ro\/old\/wp-json\/wp\/v2\/posts\/3061\/revisions"}],"wp:attachment":[{"href":"https:\/\/primariarovinari.ro\/old\/wp-json\/wp\/v2\/media?parent=3061"}],"wp:term":[{"taxonomy":"category","embeddable":true,"href":"https:\/\/primariarovinari.ro\/old\/wp-json\/wp\/v2\/categories?post=3061"},{"taxonomy":"post_tag","embeddable":true,"href":"https:\/\/primariarovinari.ro\/old\/wp-json\/wp\/v2\/tags?post=3061"}],"curies":[{"name":"wp","href":"https:\/\/api.w.org\/{rel}","templated":true}]}}