{"id":3006,"date":"2011-06-07T09:58:58","date_gmt":"2011-06-07T07:58:58","guid":{"rendered":"http:\/\/www.primariarovinari.ro\/?p=3006"},"modified":"2011-06-07T10:16:58","modified_gmt":"2011-06-07T08:16:58","slug":"ziua-mondiala-a-mediului-marcata-prin-curatenie","status":"publish","type":"post","link":"https:\/\/primariarovinari.ro\/old\/2011\/06\/ziua-mondiala-a-mediului-marcata-prin-curatenie\/","title":{"rendered":"Ziua Mondial\u0103 a Mediului marcat\u0103 prin cur\u0103\u0163enie"},"content":{"rendered":"<p style=\"text-align: justify;\"><a href=\"http:\/\/www.primariarovinari.ro\/wp-content\/uploads\/2011\/06\/ecologizarerovinari-1.jpg\"><img loading=\"lazy\" decoding=\"async\" class=\"alignright size-medium wp-image-3008\" title=\"ecologizarerovinari (1)\" src=\"http:\/\/www.primariarovinari.ro\/wp-content\/uploads\/2011\/06\/ecologizarerovinari-1-300x168.jpg\" alt=\"\" width=\"300\" height=\"168\" srcset=\"https:\/\/primariarovinari.ro\/old\/wp-content\/uploads\/2011\/06\/ecologizarerovinari-1-300x168.jpg 300w, https:\/\/primariarovinari.ro\/old\/wp-content\/uploads\/2011\/06\/ecologizarerovinari-1.jpg 1024w\" sizes=\"auto, (max-width: 300px) 100vw, 300px\" \/><\/a>Prim\u0103ria \u015fi Consiliul Local Rovinari au marcat Ziua Mondial\u0103 a Mediului printr-o ac\u0163iune de ecologizare a ora\u015fului Rovinari. Evenimentul a avut ca scop principal \u00eendep\u0103rtarea de\u015feurilor aruncate printre blocurile de locuit din zonele periferice ale ora\u015fului.<\/p>\n<p style=\"text-align: justify;\">Au fost cur\u0103\u0163ate zonele blocurilor P, G, D, R, T, S, dup\u0103 care \u015fi albia r\u00e2ului Jiu unde s-au \u00eendep\u0103rtat PET-urile care prin antrenare puteau obtura sec\u0163iunea de scurgere a apei.<\/p>\n<p style=\"text-align: justify;\">La aceast\u0103 ac\u0163iune au participat angaja\u0163i ai prim\u0103riei, consilieri locali, angaja\u0163ii Ap\u0103 Canal \u015fi Salubritate Rovinari, locuitori ai ora\u015fului Rovinari, elevi \u015fi profesori de la unit\u0103\u0163ile de \u00eenv\u0103\u0163\u0103m\u00e2nt din localitate. Aceast\u0103 ac\u0163iune de ecologizare organizat\u0103 de Ziua Mondial\u0103 a Mediului se afl\u0103 la a doua edi\u0163ie, fiind o ini\u0163iativ\u0103 a consilierilor locali.<\/p>\n<p style=\"text-align: justify;\"><!--more-->ngg_shortcode_0_placeholder<\/p>\n","protected":false},"excerpt":{"rendered":"<p>Prim\u0103ria \u015fi Consiliul Local Rovinari au marcat Ziua Mondial\u0103 a Mediului printr-o ac\u0163iune de ecologizare a ora\u015fului Rovinari. Evenimentul a avut ca scop principal \u00eendep\u0103rtarea de\u015feurilor aruncate printre blocurile de locuit din zonele periferice ale ora\u015fului. Au fost cur\u0103\u0163ate zonele blocurilor P, G, D, R, T, S, dup\u0103 care \u015fi albia r\u00e2ului Jiu unde s-au [&hellip;]<\/p>\n","protected":false},"author":1001008,"featured_media":0,"comment_status":"open","ping_status":"open","sticky":false,"template":"","format":"standard","meta":{"ngg_post_thumbnail":0,"footnotes":""},"categories":[4],"tags":[209,208,157],"class_list":["post-3006","post","type-post","status-publish","format-standard","hentry","category-informatii-locale","tag-curatenie","tag-ecologizare","tag-mediu"],"_links":{"self":[{"href":"https:\/\/primariarovinari.ro\/old\/wp-json\/wp\/v2\/posts\/3006","targetHints":{"allow":["GET"]}}],"collection":[{"href":"https:\/\/primariarovinari.ro\/old\/wp-json\/wp\/v2\/posts"}],"about":[{"href":"https:\/\/primariarovinari.ro\/old\/wp-json\/wp\/v2\/types\/post"}],"author":[{"embeddable":true,"href":"https:\/\/primariarovinari.ro\/old\/wp-json\/wp\/v2\/users\/1001008"}],"replies":[{"embeddable":true,"href":"https:\/\/primariarovinari.ro\/old\/wp-json\/wp\/v2\/comments?post=3006"}],"version-history":[{"count":0,"href":"https:\/\/primariarovinari.ro\/old\/wp-json\/wp\/v2\/posts\/3006\/revisions"}],"wp:attachment":[{"href":"https:\/\/primariarovinari.ro\/old\/wp-json\/wp\/v2\/media?parent=3006"}],"wp:term":[{"taxonomy":"category","embeddable":true,"href":"https:\/\/primariarovinari.ro\/old\/wp-json\/wp\/v2\/categories?post=3006"},{"taxonomy":"post_tag","embeddable":true,"href":"https:\/\/primariarovinari.ro\/old\/wp-json\/wp\/v2\/tags?post=3006"}],"curies":[{"name":"wp","href":"https:\/\/api.w.org\/{rel}","templated":true}]}}