{"id":2995,"date":"2011-06-03T09:31:40","date_gmt":"2011-06-03T07:31:40","guid":{"rendered":"http:\/\/www.primariarovinari.ro\/?p=2995"},"modified":"2011-06-03T10:00:21","modified_gmt":"2011-06-03T08:00:21","slug":"actiune-de-ecologizare-de-ziua-mondiala-a-mediului","status":"publish","type":"post","link":"https:\/\/primariarovinari.ro\/old\/2011\/06\/actiune-de-ecologizare-de-ziua-mondiala-a-mediului\/","title":{"rendered":"Ac\u0163iune ecologic\u0103 de Ziua Mondial\u0103 a Mediului"},"content":{"rendered":"<p style=\"text-align: justify;\"><a href=\"http:\/\/www.primariarovinari.ro\/wp-content\/uploads\/2011\/06\/5iunie2011.jpg\"><img loading=\"lazy\" decoding=\"async\" class=\"size-medium wp-image-2996 alignleft\" style=\"margin-top: 5px; margin-bottom: 5px;\" title=\"5iunie2011\" src=\"http:\/\/www.primariarovinari.ro\/wp-content\/uploads\/2011\/06\/5iunie2011-300x184.jpg\" alt=\"\" width=\"300\" height=\"184\" srcset=\"https:\/\/primariarovinari.ro\/old\/wp-content\/uploads\/2011\/06\/5iunie2011-300x184.jpg 300w, https:\/\/primariarovinari.ro\/old\/wp-content\/uploads\/2011\/06\/5iunie2011.jpg 1024w\" sizes=\"auto, (max-width: 300px) 100vw, 300px\" \/><\/a>Ziua Mondial\u0103 a Mediului va fi marcat\u0103 de c\u0103tre Prim\u0103ria \u015fi Consiliul Local Rovinari printr-o ac\u0163iune de ecologizare a ora\u015fului Rovinari \u015fi a Cartierului V\u00eer\u0163.<\/p>\n<p style=\"text-align: justify;\">La aceast\u0103 ac\u0163iune sunt invita\u0163i angaja\u0163ii prim\u0103riei \u015fi A.C.S. Rovinari, elevii \u015fcolilor din localitate, dar \u015fi cet\u0103\u0163enii ora\u015fului care vor s\u0103 dea exemplu de spirit comunitar.<\/p>\n<p style=\"text-align: justify;\">Cei care vor s\u0103 participe la aceast\u0103 ac\u0163iune sunt a\u015ftepta\u0163i duminic\u0103 5 iunie 2011, la ora 09.00, \u00een fa\u0163a Prim\u0103riei Rovinari unde vor primi saci \u015fi m\u0103nu\u015fi pentru colectarea de\u015feurilor.<\/p>\n","protected":false},"excerpt":{"rendered":"<p>Ziua Mondial\u0103 a Mediului va fi marcat\u0103 de c\u0103tre Prim\u0103ria \u015fi Consiliul Local Rovinari printr-o ac\u0163iune de ecologizare a ora\u015fului Rovinari \u015fi a Cartierului V\u00eer\u0163. La aceast\u0103 ac\u0163iune sunt invita\u0163i angaja\u0163ii prim\u0103riei \u015fi A.C.S. Rovinari, elevii \u015fcolilor din localitate, dar \u015fi cet\u0103\u0163enii ora\u015fului care vor s\u0103 dea exemplu de spirit comunitar. Cei care vor s\u0103 [&hellip;]<\/p>\n","protected":false},"author":1001008,"featured_media":0,"comment_status":"open","ping_status":"open","sticky":false,"template":"","format":"standard","meta":{"ngg_post_thumbnail":0,"footnotes":""},"categories":[9],"tags":[],"class_list":["post-2995","post","type-post","status-publish","format-standard","hentry","category-anunturi"],"_links":{"self":[{"href":"https:\/\/primariarovinari.ro\/old\/wp-json\/wp\/v2\/posts\/2995","targetHints":{"allow":["GET"]}}],"collection":[{"href":"https:\/\/primariarovinari.ro\/old\/wp-json\/wp\/v2\/posts"}],"about":[{"href":"https:\/\/primariarovinari.ro\/old\/wp-json\/wp\/v2\/types\/post"}],"author":[{"embeddable":true,"href":"https:\/\/primariarovinari.ro\/old\/wp-json\/wp\/v2\/users\/1001008"}],"replies":[{"embeddable":true,"href":"https:\/\/primariarovinari.ro\/old\/wp-json\/wp\/v2\/comments?post=2995"}],"version-history":[{"count":0,"href":"https:\/\/primariarovinari.ro\/old\/wp-json\/wp\/v2\/posts\/2995\/revisions"}],"wp:attachment":[{"href":"https:\/\/primariarovinari.ro\/old\/wp-json\/wp\/v2\/media?parent=2995"}],"wp:term":[{"taxonomy":"category","embeddable":true,"href":"https:\/\/primariarovinari.ro\/old\/wp-json\/wp\/v2\/categories?post=2995"},{"taxonomy":"post_tag","embeddable":true,"href":"https:\/\/primariarovinari.ro\/old\/wp-json\/wp\/v2\/tags?post=2995"}],"curies":[{"name":"wp","href":"https:\/\/api.w.org\/{rel}","templated":true}]}}