{"id":2972,"date":"2011-06-02T13:53:11","date_gmt":"2011-06-02T11:53:11","guid":{"rendered":"http:\/\/www.primariarovinari.ro\/?p=2972"},"modified":"2011-09-13T12:00:01","modified_gmt":"2011-09-13T10:00:01","slug":"ziua-eroilor-marcata-prin-depunere-de-coroane","status":"publish","type":"post","link":"https:\/\/primariarovinari.ro\/old\/2011\/06\/ziua-eroilor-marcata-prin-depunere-de-coroane\/","title":{"rendered":"Ziua Eroilor marcat\u0103 prin depuneri de coroane"},"content":{"rendered":"<p style=\"text-align: justify;\"><a href=\"http:\/\/www.youtube.com\/watch?v=wSBqL8egmKM\" target=\"_blank\"><img loading=\"lazy\" decoding=\"async\" class=\"alignright size-medium wp-image-2980\" style=\"margin-top: 3px; margin-bottom: 3px;\" title=\"ziua eroilor rovinari (14)\" src=\"http:\/\/www.primariarovinari.ro\/wp-content\/uploads\/2011\/06\/ziua-eroilor-rovinari-14-300x168.jpg\" alt=\"\" width=\"300\" height=\"168\" srcset=\"https:\/\/primariarovinari.ro\/old\/wp-content\/uploads\/2011\/06\/ziua-eroilor-rovinari-14-300x168.jpg 300w, https:\/\/primariarovinari.ro\/old\/wp-content\/uploads\/2011\/06\/ziua-eroilor-rovinari-14.jpg 1024w\" sizes=\"auto, (max-width: 300px) 100vw, 300px\" \/><\/a>Ziua Eroilor de anul acesta a fost marcat\u0103 de aut\u0103rit\u0103\u0163ile rovin\u0103rene prin depuneri de coroane \u015fi o slujb\u0103 religioas\u0103 \u00een cinstea eroilor neamului. Evenimentul a fost marcat la Biserica Sf\u00e2ntul Ioan Botez\u0103torul din Rovinari acolo unde este \u00eenmorm\u00e2ntat Sublocotenentul (p.m.) Constantin Lauren\u0163iu Lixandru. La eveniment au participat primarul \u015fi viceprimarul ora\u015fului Rovinari, consilieri locali, membrii familiei \u015fi camarazii militarului c\u0103zut la datorie \u00een Afganistan, elevi \u015fi profesori de la G.S.I. Rovinari. Dup\u0103 slujba de pomenire a avut loc depunerea coroanelor.<\/p>\n<p style=\"text-align: justify;\"><!--more-->Prim\u0103ria \u015fi Consiliul Local Rovinari doresc ca Ziua Eroilor de anul viitor s\u0103 fie comemorat\u0103 pe Aleea Eroilor din Rovinari, alee ce va fi deschis\u0103 cu bustul Sublocotenentului (p.m.) Constantin Lauren\u0163iu Lixandru \u015fi care se va construi \u00eentre \u015etrandul Or\u0103\u015fenesc Rovinari \u015fi Blocul M2.<\/p>\n<p style=\"text-align: justify;\">ngg_shortcode_0_placeholder<\/p>\n","protected":false},"excerpt":{"rendered":"<p>Ziua Eroilor de anul acesta a fost marcat\u0103 de aut\u0103rit\u0103\u0163ile rovin\u0103rene prin depuneri de coroane \u015fi o slujb\u0103 religioas\u0103 \u00een cinstea eroilor neamului. Evenimentul a fost marcat la Biserica Sf\u00e2ntul Ioan Botez\u0103torul din Rovinari acolo unde este \u00eenmorm\u00e2ntat Sublocotenentul (p.m.) Constantin Lauren\u0163iu Lixandru. La eveniment au participat primarul \u015fi viceprimarul ora\u015fului Rovinari, consilieri locali, membrii [&hellip;]<\/p>\n","protected":false},"author":1001008,"featured_media":0,"comment_status":"open","ping_status":"open","sticky":false,"template":"","format":"standard","meta":{"ngg_post_thumbnail":0,"footnotes":""},"categories":[4],"tags":[200],"class_list":["post-2972","post","type-post","status-publish","format-standard","hentry","category-informatii-locale","tag-ziua-eroilor"],"_links":{"self":[{"href":"https:\/\/primariarovinari.ro\/old\/wp-json\/wp\/v2\/posts\/2972","targetHints":{"allow":["GET"]}}],"collection":[{"href":"https:\/\/primariarovinari.ro\/old\/wp-json\/wp\/v2\/posts"}],"about":[{"href":"https:\/\/primariarovinari.ro\/old\/wp-json\/wp\/v2\/types\/post"}],"author":[{"embeddable":true,"href":"https:\/\/primariarovinari.ro\/old\/wp-json\/wp\/v2\/users\/1001008"}],"replies":[{"embeddable":true,"href":"https:\/\/primariarovinari.ro\/old\/wp-json\/wp\/v2\/comments?post=2972"}],"version-history":[{"count":0,"href":"https:\/\/primariarovinari.ro\/old\/wp-json\/wp\/v2\/posts\/2972\/revisions"}],"wp:attachment":[{"href":"https:\/\/primariarovinari.ro\/old\/wp-json\/wp\/v2\/media?parent=2972"}],"wp:term":[{"taxonomy":"category","embeddable":true,"href":"https:\/\/primariarovinari.ro\/old\/wp-json\/wp\/v2\/categories?post=2972"},{"taxonomy":"post_tag","embeddable":true,"href":"https:\/\/primariarovinari.ro\/old\/wp-json\/wp\/v2\/tags?post=2972"}],"curies":[{"name":"wp","href":"https:\/\/api.w.org\/{rel}","templated":true}]}}