{"id":2948,"date":"2011-05-30T13:21:05","date_gmt":"2011-05-30T11:21:05","guid":{"rendered":"http:\/\/www.primariarovinari.ro\/?p=2948"},"modified":"2011-05-30T14:14:58","modified_gmt":"2011-05-30T12:14:58","slug":"primaria-rovinari-a-inceput-dezinsectia-spatiilor-verzi-din-localitate","status":"publish","type":"post","link":"https:\/\/primariarovinari.ro\/old\/2011\/05\/primaria-rovinari-a-inceput-dezinsectia-spatiilor-verzi-din-localitate\/","title":{"rendered":"Prim\u0103ria Rovinari a \u00eenceput dezinsec\u0163ia spa\u0163iilor verzi din localitate"},"content":{"rendered":"<p style=\"text-align: justify;\"><a href=\"http:\/\/www.primariarovinari.ro\/wp-content\/uploads\/2011\/05\/dezinsectie-6.jpg\"><img loading=\"lazy\" decoding=\"async\" class=\"alignright size-medium wp-image-2949\" style=\"margin-top: 5px; margin-bottom: 5px;\" title=\"dezinsectie rovinari\" src=\"http:\/\/www.primariarovinari.ro\/wp-content\/uploads\/2011\/05\/dezinsectie-6-300x168.jpg\" alt=\"\" width=\"300\" height=\"168\" srcset=\"https:\/\/primariarovinari.ro\/old\/wp-content\/uploads\/2011\/05\/dezinsectie-6-300x168.jpg 300w, https:\/\/primariarovinari.ro\/old\/wp-content\/uploads\/2011\/05\/dezinsectie-6.jpg 1024w\" sizes=\"auto, (max-width: 300px) 100vw, 300px\" \/><\/a>La sf\u00e2r\u015fitul s\u0103pt\u0103m\u00e2nii trecute au avut loc ac\u0163iuni privind dezinsec\u0163ia spa\u0163iilor verzi din ora\u015ful Rovinari.<\/p>\n<p style=\"text-align: justify;\">Spa\u0163iile verzi au beneficiat de un tratament insecto-fungicid cu rol de prevenire \u015fi combatere a afidelor, omizilor, insectelor.<\/p>\n<p style=\"text-align: justify;\">Tratamentele au fost efectuate de personal specializat, \u015fi va fi reluat peste 10 zile, pentru a evita crearea unor focare de infec\u0163ie care s\u0103 pun\u0103 \u00een pericol s\u0103n\u0103tatea locuitorilor.<\/p>\n<p style=\"text-align: justify;\"><!--more-->ngg_shortcode_0_placeholder<\/p>\n","protected":false},"excerpt":{"rendered":"<p>La sf\u00e2r\u015fitul s\u0103pt\u0103m\u00e2nii trecute au avut loc ac\u0163iuni privind dezinsec\u0163ia spa\u0163iilor verzi din ora\u015ful Rovinari. Spa\u0163iile verzi au beneficiat de un tratament insecto-fungicid cu rol de prevenire \u015fi combatere a afidelor, omizilor, insectelor. Tratamentele au fost efectuate de personal specializat, \u015fi va fi reluat peste 10 zile, pentru a evita crearea unor focare de infec\u0163ie [&hellip;]<\/p>\n","protected":false},"author":1001008,"featured_media":0,"comment_status":"open","ping_status":"open","sticky":false,"template":"","format":"standard","meta":{"ngg_post_thumbnail":0,"footnotes":""},"categories":[9],"tags":[254,333],"class_list":["post-2948","post","type-post","status-publish","format-standard","hentry","category-anunturi","tag-dezinsectie","tag-spatii-verzi"],"_links":{"self":[{"href":"https:\/\/primariarovinari.ro\/old\/wp-json\/wp\/v2\/posts\/2948","targetHints":{"allow":["GET"]}}],"collection":[{"href":"https:\/\/primariarovinari.ro\/old\/wp-json\/wp\/v2\/posts"}],"about":[{"href":"https:\/\/primariarovinari.ro\/old\/wp-json\/wp\/v2\/types\/post"}],"author":[{"embeddable":true,"href":"https:\/\/primariarovinari.ro\/old\/wp-json\/wp\/v2\/users\/1001008"}],"replies":[{"embeddable":true,"href":"https:\/\/primariarovinari.ro\/old\/wp-json\/wp\/v2\/comments?post=2948"}],"version-history":[{"count":0,"href":"https:\/\/primariarovinari.ro\/old\/wp-json\/wp\/v2\/posts\/2948\/revisions"}],"wp:attachment":[{"href":"https:\/\/primariarovinari.ro\/old\/wp-json\/wp\/v2\/media?parent=2948"}],"wp:term":[{"taxonomy":"category","embeddable":true,"href":"https:\/\/primariarovinari.ro\/old\/wp-json\/wp\/v2\/categories?post=2948"},{"taxonomy":"post_tag","embeddable":true,"href":"https:\/\/primariarovinari.ro\/old\/wp-json\/wp\/v2\/tags?post=2948"}],"curies":[{"name":"wp","href":"https:\/\/api.w.org\/{rel}","templated":true}]}}