{"id":2906,"date":"2011-05-23T14:08:15","date_gmt":"2011-05-23T12:08:15","guid":{"rendered":"http:\/\/www.primariarovinari.ro\/?p=2906"},"modified":"2011-05-23T14:12:41","modified_gmt":"2011-05-23T12:12:41","slug":"festivalul-judetean-de-folclor-%e2%80%9etinere-talente%e2%80%9d","status":"publish","type":"post","link":"https:\/\/primariarovinari.ro\/old\/2011\/05\/festivalul-judetean-de-folclor-%e2%80%9etinere-talente%e2%80%9d\/","title":{"rendered":"Festivalul Jude\u0163ean de Folclor \u201eTinere Talente\u201d &#8211; Rovinari 2011"},"content":{"rendered":"<p style=\"text-align: justify;\">Prim\u0103ria \u015fi Consiliul Local Rovinari v\u0103 invit\u0103 s\u0103 participa\u0163i la a III-a edi\u0163ie a Festivalului Jude\u0163ean de Folclor Tinere Talente, care va avea loc joi 26.05.2011, orele 14.00 la Casa de Cultur\u0103 a Sindicatelor Rovinari.<\/p>\n<p style=\"text-align: justify;\">Printre participan\u0163i se num\u0103r\u0103: \u015ecoala Popular\u0103 de Art\u0103, Palatul Copiilor Tg-Jiu, Liceul de Muzic\u0103 \u015fi Arte Plastice \u201eConstantin Br\u0103iloiu\u201d, Clubul Copiilor Rovinari, Clubul Copiilor Tg-C\u0103rbune\u015fti, Casa de Cultur\u0103 Motru, Casa de Cultur\u0103 Turceni.<\/p>\n<p style=\"text-align: center;\"><strong>Intrarea va fi liber\u0103 !<\/strong><\/p>\n","protected":false},"excerpt":{"rendered":"<p>Prim\u0103ria \u015fi Consiliul Local Rovinari v\u0103 invit\u0103 s\u0103 participa\u0163i la a III-a edi\u0163ie a Festivalului Jude\u0163ean de Folclor Tinere Talente, care va avea loc joi 26.05.2011, orele 14.00 la Casa de Cultur\u0103 a Sindicatelor Rovinari. Printre participan\u0163i se num\u0103r\u0103: \u015ecoala Popular\u0103 de Art\u0103, Palatul Copiilor Tg-Jiu, Liceul de Muzic\u0103 \u015fi Arte Plastice \u201eConstantin Br\u0103iloiu\u201d, Clubul [&hellip;]<\/p>\n","protected":false},"author":1001008,"featured_media":0,"comment_status":"open","ping_status":"open","sticky":false,"template":"","format":"standard","meta":{"ngg_post_thumbnail":0,"footnotes":""},"categories":[9],"tags":[202,203],"class_list":["post-2906","post","type-post","status-publish","format-standard","hentry","category-anunturi","tag-festival","tag-folclor"],"_links":{"self":[{"href":"https:\/\/primariarovinari.ro\/old\/wp-json\/wp\/v2\/posts\/2906","targetHints":{"allow":["GET"]}}],"collection":[{"href":"https:\/\/primariarovinari.ro\/old\/wp-json\/wp\/v2\/posts"}],"about":[{"href":"https:\/\/primariarovinari.ro\/old\/wp-json\/wp\/v2\/types\/post"}],"author":[{"embeddable":true,"href":"https:\/\/primariarovinari.ro\/old\/wp-json\/wp\/v2\/users\/1001008"}],"replies":[{"embeddable":true,"href":"https:\/\/primariarovinari.ro\/old\/wp-json\/wp\/v2\/comments?post=2906"}],"version-history":[{"count":0,"href":"https:\/\/primariarovinari.ro\/old\/wp-json\/wp\/v2\/posts\/2906\/revisions"}],"wp:attachment":[{"href":"https:\/\/primariarovinari.ro\/old\/wp-json\/wp\/v2\/media?parent=2906"}],"wp:term":[{"taxonomy":"category","embeddable":true,"href":"https:\/\/primariarovinari.ro\/old\/wp-json\/wp\/v2\/categories?post=2906"},{"taxonomy":"post_tag","embeddable":true,"href":"https:\/\/primariarovinari.ro\/old\/wp-json\/wp\/v2\/tags?post=2906"}],"curies":[{"name":"wp","href":"https:\/\/api.w.org\/{rel}","templated":true}]}}