{"id":2825,"date":"2011-05-19T12:57:07","date_gmt":"2011-05-19T10:57:07","guid":{"rendered":"http:\/\/www.primariarovinari.ro\/?p=2825"},"modified":"2011-09-13T12:00:55","modified_gmt":"2011-09-13T10:00:55","slug":"zilele-orasului-rovinari-la-30-de-ani-de-existenta-administrativa","status":"publish","type":"post","link":"https:\/\/primariarovinari.ro\/old\/2011\/05\/zilele-orasului-rovinari-la-30-de-ani-de-existenta-administrativa\/","title":{"rendered":"Zilele Ora\u015fului Rovinari la 30 de ani de existen\u0163\u0103 administrativ\u0103"},"content":{"rendered":"<p style=\"text-align: justify;\"><object style=\"width: 300px; height: 200px;\" classid=\"clsid:d27cdb6e-ae6d-11cf-96b8-444553540000\" width=\"300\" height=\"200\" codebase=\"http:\/\/download.macromedia.com\/pub\/shockwave\/cabs\/flash\/swflash.cab#version=6,0,40,0\"><param name=\"src\" value=\"http:\/\/www.youtube.com\/v\/YK1lYF1_154\" \/><param name=\"align\" value=\"left\" \/><param name=\"hspace\" value=\"10\" \/><embed style=\"width: 300px; height: 200px;\" type=\"application\/x-shockwave-flash\" width=\"300\" height=\"200\" src=\"http:\/\/www.youtube.com\/v\/YK1lYF1_154\" hspace=\"10\" align=\"left\"><\/embed><\/object>Zilele Ora\u015fului Rovinari din acest an au avut o dubl\u0103 semnifica\u0163ie. Pe l\u00e2ng\u0103 faptul c\u0103 \u00een prima jum\u0103tate a lunii mai, obi\u015fnuim s\u0103 organiz\u0103m zilele ora\u015fului, anul acesta am marcat \u015fi \u00eemplinirea a 30 de ani de c\u00e2nd Rovinari a fost decretat ora\u015f.<\/p>\n<p style=\"text-align: justify;\">Cu aceast\u0103 ocazie, primarul Dorin Filip, \u00eempreun\u0103 cu consiliul local, au hot\u0103r\u00e2t c\u0103 la \u00eemplinirea unei asemenea v\u00e2rste, s\u0103 invite la s\u0103rb\u0103toarea ora\u015fului, to\u0163i ale\u015fii locali (primari, viceprimari \u015fi consilieri locali) care au avut onoarea \u015fi \u00eemputernicirea cet\u0103\u0163enilor, s\u0103 treac\u0103 pe la conducerea administrativ\u0103 a ora\u015fului Rovinari \u00een cei 30 de ani de existen\u0163\u0103.<\/p>\n<p style=\"text-align: justify;\"><!--more-->To\u0163i ale\u015fii locali au fost r\u0103spl\u0103ti\u0163i pentru munca depus\u0103 \u00een folosul comunit\u0103\u0163ii, cu diplome de excelen\u0163\u0103, medalii \u015fi monografia ora\u015fului Rovinari. Premierea acestora s-a desf\u0103\u015furat duminic\u0103 15 mai pe scena amplasat\u0103 pe Bulevardul Minerilor din centrul ora\u015fului, dup\u0103 care distin\u015fii invita\u0163i au avut parte de o mas\u0103 festiv\u0103.<\/p>\n<p style=\"text-align: justify;\">Printre invita\u0163i au fost Liviu Andrei \u2013 prefectul jude\u0163ului Gorj, Ion C\u0103linoiu \u2013 pre\u015fedintele Consiliului Jude\u0163ean Gorj \u015fi oameni politici marcan\u0163i ai jude\u0163ului nostru, c\u0103rora le mul\u0163umim pentru c\u0103 ne-au fost al\u0103turi la ceas aniversar.<\/p>\n<p style=\"text-align: justify;\">Tot \u00een cadrul festivit\u0103\u0163ii de premiere Sublocotenentul p.m. a fost declarat <em>cet\u0103\u0163ean de onoare post mortem al ora\u015fului Rovinari<\/em>, iar sportivii de la sec\u0163ia de box a C.S. Jiul Rovinari au fost premia\u0163i pentru modul cum au reprezentat ora\u015ful la toate competi\u0163iile sportive la care au participat.<\/p>\n<p style=\"text-align: justify;\">\u00cen cadrul spectacolelor desf\u0103\u015furate s\u00e2mb\u0103t\u0103 \u015fi duminic\u0103 au c\u00e2ntat cei mai talenta\u0163i copii din Rovinari, Clubul Elevilor Rovinari, \u015ecoala Popular\u0103 de Art\u0103, Narcotic Sound, Violeta Constantin, Babi Minune \u015fi Nicu Paleru. Zilele ora\u015fului au fost \u00eenchise cu un foc de artificii de 15 minute.<\/p>\nngg_shortcode_0_placeholder\n","protected":false},"excerpt":{"rendered":"<p>Zilele Ora\u015fului Rovinari din acest an au avut o dubl\u0103 semnifica\u0163ie. Pe l\u00e2ng\u0103 faptul c\u0103 \u00een prima jum\u0103tate a lunii mai, obi\u015fnuim s\u0103 organiz\u0103m zilele ora\u015fului, anul acesta am marcat \u015fi \u00eemplinirea a 30 de ani de c\u00e2nd Rovinari a fost decretat ora\u015f. Cu aceast\u0103 ocazie, primarul Dorin Filip, \u00eempreun\u0103 cu consiliul local, au hot\u0103r\u00e2t [&hellip;]<\/p>\n","protected":false},"author":1001008,"featured_media":0,"comment_status":"open","ping_status":"open","sticky":false,"template":"","format":"standard","meta":{"ngg_post_thumbnail":0,"footnotes":""},"categories":[4],"tags":[330,329],"class_list":["post-2825","post","type-post","status-publish","format-standard","hentry","category-informatii-locale","tag-rovinari-30","tag-zile-oras"],"_links":{"self":[{"href":"https:\/\/primariarovinari.ro\/old\/wp-json\/wp\/v2\/posts\/2825","targetHints":{"allow":["GET"]}}],"collection":[{"href":"https:\/\/primariarovinari.ro\/old\/wp-json\/wp\/v2\/posts"}],"about":[{"href":"https:\/\/primariarovinari.ro\/old\/wp-json\/wp\/v2\/types\/post"}],"author":[{"embeddable":true,"href":"https:\/\/primariarovinari.ro\/old\/wp-json\/wp\/v2\/users\/1001008"}],"replies":[{"embeddable":true,"href":"https:\/\/primariarovinari.ro\/old\/wp-json\/wp\/v2\/comments?post=2825"}],"version-history":[{"count":0,"href":"https:\/\/primariarovinari.ro\/old\/wp-json\/wp\/v2\/posts\/2825\/revisions"}],"wp:attachment":[{"href":"https:\/\/primariarovinari.ro\/old\/wp-json\/wp\/v2\/media?parent=2825"}],"wp:term":[{"taxonomy":"category","embeddable":true,"href":"https:\/\/primariarovinari.ro\/old\/wp-json\/wp\/v2\/categories?post=2825"},{"taxonomy":"post_tag","embeddable":true,"href":"https:\/\/primariarovinari.ro\/old\/wp-json\/wp\/v2\/tags?post=2825"}],"curies":[{"name":"wp","href":"https:\/\/api.w.org\/{rel}","templated":true}]}}