{"id":2735,"date":"2011-05-06T15:41:02","date_gmt":"2011-05-06T13:41:02","guid":{"rendered":"http:\/\/www.primariarovinari.ro\/?p=2735"},"modified":"2011-05-06T15:55:22","modified_gmt":"2011-05-06T13:55:22","slug":"e","status":"publish","type":"post","link":"https:\/\/primariarovinari.ro\/old\/2011\/05\/e\/","title":{"rendered":"Mesaj de condolean\u0163e pentru rovin\u0103reanul c\u0103zut la datorie \u00een Afganistan"},"content":{"rendered":"<p style=\"text-align: justify;\"><a href=\"http:\/\/www.primariarovinari.ro\/wp-content\/uploads\/2011\/05\/Constantin_Laurentiu_Lixandru.jpg\"><img loading=\"lazy\" decoding=\"async\" class=\"alignright size-medium wp-image-2736\" title=\"Constantin_Laurentiu_Lixandru\" src=\"http:\/\/www.primariarovinari.ro\/wp-content\/uploads\/2011\/05\/Constantin_Laurentiu_Lixandru-259x300.jpg\" alt=\"\" width=\"259\" height=\"300\" srcset=\"https:\/\/primariarovinari.ro\/old\/wp-content\/uploads\/2011\/05\/Constantin_Laurentiu_Lixandru-259x300.jpg 259w, https:\/\/primariarovinari.ro\/old\/wp-content\/uploads\/2011\/05\/Constantin_Laurentiu_Lixandru-884x1024.jpg 884w, https:\/\/primariarovinari.ro\/old\/wp-content\/uploads\/2011\/05\/Constantin_Laurentiu_Lixandru.jpg 935w\" sizes=\"auto, (max-width: 259px) 100vw, 259px\" \/><\/a>\u00cen aceste momente de triste\u0163e \u015fi profund\u0103 durere, primarul Dorin Filip, \u00een numele Prim\u0103riei \u015fi Consiliului Local Rovinari, \u00ee\u015fi exprim\u0103 regretul fa\u0163\u0103 de dispari\u0163ia celui care a fost cet\u0103\u0163eanul ora\u015fului Rovinari, caporalul Constantin Lauren\u0163iu Lixandru, din cadrul Batalionului 26 Infanterie \u201eNeagoe Basarab\u201d, c\u0103zut la datorie \u00een Afganistan.<\/p>\n<p style=\"text-align: justify;\">Ne m\u00e2ndrim cu cet\u0103\u0163eni precum Lixandru Constantin-Lauren\u0163iu, care trebuie privit ca un exemplu de restul comunit\u0103\u0163ii.<\/p>\n<p style=\"text-align: justify;\">Pentru curajul \u015fi devotamentul de care a dat dovad\u0103 \u00een serviciul p\u0103cii \u015fi securit\u0103\u0163ii, se va propune consiliului local s\u0103 fie declarat post mortem, cet\u0103\u0163ean de onoare al ora\u015fului Rovinari, iar o strad\u0103 din ora\u015f s\u0103 poarte numele s\u0103u.<\/p>\n<p style=\"text-align: center;\">Sincere condolean\u0163e familiei \u015fi so\u0163iei acestuia.<br \/>\nDumnezeu s\u0103-l odihneasc\u0103 !<\/p>\n","protected":false},"excerpt":{"rendered":"<p>\u00cen aceste momente de triste\u0163e \u015fi profund\u0103 durere, primarul Dorin Filip, \u00een numele Prim\u0103riei \u015fi Consiliului Local Rovinari, \u00ee\u015fi exprim\u0103 regretul fa\u0163\u0103 de dispari\u0163ia celui care a fost cet\u0103\u0163eanul ora\u015fului Rovinari, caporalul Constantin Lauren\u0163iu Lixandru, din cadrul Batalionului 26 Infanterie \u201eNeagoe Basarab\u201d, c\u0103zut la datorie \u00een Afganistan. Ne m\u00e2ndrim cu cet\u0103\u0163eni precum Lixandru Constantin-Lauren\u0163iu, care [&hellip;]<\/p>\n","protected":false},"author":1001008,"featured_media":0,"comment_status":"open","ping_status":"open","sticky":false,"template":"","format":"standard","meta":{"ngg_post_thumbnail":0,"footnotes":""},"categories":[3],"tags":[161,325],"class_list":["post-2735","post","type-post","status-publish","format-standard","hentry","category-comunicate-de-presa","tag-condoleante","tag-lixandru-constantin"],"_links":{"self":[{"href":"https:\/\/primariarovinari.ro\/old\/wp-json\/wp\/v2\/posts\/2735","targetHints":{"allow":["GET"]}}],"collection":[{"href":"https:\/\/primariarovinari.ro\/old\/wp-json\/wp\/v2\/posts"}],"about":[{"href":"https:\/\/primariarovinari.ro\/old\/wp-json\/wp\/v2\/types\/post"}],"author":[{"embeddable":true,"href":"https:\/\/primariarovinari.ro\/old\/wp-json\/wp\/v2\/users\/1001008"}],"replies":[{"embeddable":true,"href":"https:\/\/primariarovinari.ro\/old\/wp-json\/wp\/v2\/comments?post=2735"}],"version-history":[{"count":0,"href":"https:\/\/primariarovinari.ro\/old\/wp-json\/wp\/v2\/posts\/2735\/revisions"}],"wp:attachment":[{"href":"https:\/\/primariarovinari.ro\/old\/wp-json\/wp\/v2\/media?parent=2735"}],"wp:term":[{"taxonomy":"category","embeddable":true,"href":"https:\/\/primariarovinari.ro\/old\/wp-json\/wp\/v2\/categories?post=2735"},{"taxonomy":"post_tag","embeddable":true,"href":"https:\/\/primariarovinari.ro\/old\/wp-json\/wp\/v2\/tags?post=2735"}],"curies":[{"name":"wp","href":"https:\/\/api.w.org\/{rel}","templated":true}]}}